{"id":153,"date":"2005-12-21T20:06:00","date_gmt":"2005-12-21T20:06:00","guid":{"rendered":"http:\/\/beateschmitz.wordpress.com\/2005\/12\/21\/baggerlich-fur-backlegastheniker"},"modified":"2010-11-23T20:03:24","modified_gmt":"2010-11-23T19:03:24","slug":"baggerlich-fur-backlegastheniker","status":"publish","type":"post","link":"https:\/\/www.all-about-schmitz.de\/wordpress\/blog\/baggerlich-fur-backlegastheniker\/","title":{"rendered":"Baggerlich f\u00fcr Backlegastheniker:"},"content":{"rendered":"<p>Zutaten:<\/p>\n<p>250g Mehl<br \/>\n1 Tl. Backpulver<br \/>\n1 Prise Salz<br \/>\n180g Zucker<br \/>\n1 P\u00e4ckchen Vanillin-Zucker<br \/>\n2 El Orangenlik\u00f6rabgeriebene Schale von 1 unbehandelten Orange<br \/>\n25g weiche Butter \/ Margarine<br \/>\n2 Eier (Gr. M)<br \/>\n200g Mandelkerne<\/p>\n<p>Mehl, Backpulver, Salz, Zucker, Vanillin-Zucker, Lik\u00f6r, Orangenschale, Fett inFl\u00f6ckchen und Eier mit dem Knethaken des Handr\u00fchrger\u00e4tes glatt verkneten.<br \/>\nMandeln darunter kneten.<br \/>\nDen Teig zugedeckt ca. 30 Minuten kalt stellen.<\/p>\n<p>Backblech mit Backpapier auslegen. Teig mit wenig Mehl zu ca. 6 Rollen (ca. 3cm Durchmesser) formen. Mit Abstand aufs Blech legen.<\/p>\n<p>Im vorgeheizten Backofen (E-Herd: 200 \u00b0C\/ Umluft: 175 \u00b0C\/ Gas: Stufe 3)<br \/>\n10 &#8211; 15 Minuten backen.<br \/>\nAusk\u00fchlen lassen.<\/p>\n<p>2 Backbleche mit Backpapier auslegen. Rollen in ca. 1 cm dicke schr\u00e4geScheiben schneiden.<br \/>\nMit der Schnittfl\u00e4che auf die Backbleche legen.<br \/>\nIm hei\u00dfen Backofen bei gleicher Temperatur 8 &#8211; 10 Minuten backen.<br \/>\nAusk\u00fchlen lassen.<\/p>\n","protected":false},"excerpt":{"rendered":"<p>Zutaten: 250g Mehl 1 Tl. Backpulver 1 Prise Salz 180g Zucker 1 P\u00e4ckchen Vanillin-Zucker 2 El Orangenlik\u00f6rabgeriebene Schale von 1 unbehandelten Orange 25g weiche Butter \/ Margarine 2 Eier (Gr. M) 200g Mandelkerne Mehl, Backpulver, Salz, Zucker, Vanillin-Zucker, Lik\u00f6r, Orangenschale, Fett inFl\u00f6ckchen und Eier mit dem Knethaken des Handr\u00fchrger\u00e4tes glatt verkneten. Mandeln darunter kneten. Den &hellip; <\/p>\n<p class=\"read-more\"><a class=\"readmore-btn\" href=\"https:\/\/www.all-about-schmitz.de\/wordpress\/blog\/baggerlich-fur-backlegastheniker\/\"><span>Read Article<\/span><span class=\"screen-reader-text\">  Read More<\/span><\/a><\/p>\n","protected":false},"author":2,"featured_media":0,"comment_status":"open","ping_status":"open","sticky":false,"template":"","format":"standard","meta":{"_seopress_robots_primary_cat":"","_seopress_titles_title":"","_seopress_titles_desc":"","_seopress_robots_index":"","footnotes":""},"categories":[1],"tags":[80],"class_list":["post-153","post","type-post","status-publish","format-standard","hentry","category-allgemein","tag-cantuccini"],"_links":{"self":[{"href":"https:\/\/www.all-about-schmitz.de\/wordpress\/wp-json\/wp\/v2\/posts\/153","targetHints":{"allow":["GET"]}}],"collection":[{"href":"https:\/\/www.all-about-schmitz.de\/wordpress\/wp-json\/wp\/v2\/posts"}],"about":[{"href":"https:\/\/www.all-about-schmitz.de\/wordpress\/wp-json\/wp\/v2\/types\/post"}],"author":[{"embeddable":true,"href":"https:\/\/www.all-about-schmitz.de\/wordpress\/wp-json\/wp\/v2\/users\/2"}],"replies":[{"embeddable":true,"href":"https:\/\/www.all-about-schmitz.de\/wordpress\/wp-json\/wp\/v2\/comments?post=153"}],"version-history":[{"count":1,"href":"https:\/\/www.all-about-schmitz.de\/wordpress\/wp-json\/wp\/v2\/posts\/153\/revisions"}],"predecessor-version":[{"id":354,"href":"https:\/\/www.all-about-schmitz.de\/wordpress\/wp-json\/wp\/v2\/posts\/153\/revisions\/354"}],"wp:attachment":[{"href":"https:\/\/www.all-about-schmitz.de\/wordpress\/wp-json\/wp\/v2\/media?parent=153"}],"wp:term":[{"taxonomy":"category","embeddable":true,"href":"https:\/\/www.all-about-schmitz.de\/wordpress\/wp-json\/wp\/v2\/categories?post=153"},{"taxonomy":"post_tag","embeddable":true,"href":"https:\/\/www.all-about-schmitz.de\/wordpress\/wp-json\/wp\/v2\/tags?post=153"}],"curies":[{"name":"wp","href":"https:\/\/api.w.org\/{rel}","templated":true}]}}