{"id":155,"date":"2006-01-09T19:28:00","date_gmt":"2006-01-09T19:28:00","guid":{"rendered":"http:\/\/beateschmitz.wordpress.com\/2006\/01\/09\/tja-das-neue-jahr-und-vom-jammern-auf-hohem-niveau"},"modified":"2010-11-23T20:05:42","modified_gmt":"2010-11-23T19:05:42","slug":"tja-das-neue-jahr-und-vom-jammern-auf-hohem-niveau","status":"publish","type":"post","link":"https:\/\/www.all-about-schmitz.de\/wordpress\/blog\/tja-das-neue-jahr-und-vom-jammern-auf-hohem-niveau\/","title":{"rendered":"Tja &#8211; das neue Jahr &#8211; und vom Jammern auf hohem Niveau"},"content":{"rendered":"<p><span style=\"font-family: verdana; font-size: 85%;\">Ich dr\u00fccke mich schon eine ganze Weile ums bloggen. Nicht dass ich so tierisch besch\u00e4ftigt bin, n\u00f6. Eigentlich nicht. Wahrscheinlich befinde ich mich in einer hartn\u00e4ckig introvertierten Phase und komme mit dieser Schizo-Technik grade nicht klar. Introvertierte schreiben sichs von der Seele? &#8211; aber wenn ich es publiziere ist es ja eher eine extro-Geschichte. <\/span><br \/>\n<span style=\"font-family: Verdana; font-size: 85%;\"> <\/span><br \/>\n<span style=\"font-family: Verdana; font-size: 85%;\">Nun gut. Ich freue mich mit verhaltener Kraft \u00fcber die guten W\u00fcnsche zum Neuen Jahr &#8211; weil ich jedesmal denke: &#8222;Vielen Dank&#8220; aber a) fings nicht soooo gut an, b) W\u00fcnsch das lieber J\u00f6rg, der kanns besser brauchen, c) ich weiss ja, das ist nur ne floskel, aber bitte erinnere mich nicht dran, dass es ein neues Jahr ist, das mit der Ank\u00fcndigung einer potenziellen K\u00fcndigung anfing. <\/span><\/p>\n<p><span style=\"font-family: Verdana; font-size: 85%;\">Nun kurz und gut. J\u00f6rg hat grade etwas Pech mit seinen aktuellen Job-Zukunfts-Aussichten. Das ging uns etwas an die Nieren. Wir fahren jetzt trotzdem in Urlaub &#8211; mit diesem latent doofen Gef\u00fchl&#8230;<\/span><\/p>\n<p><span style=\"font-family: Verdana; font-size: 85%;\">Sch&#8230; Ver\u00e4nderungskompetenz. Und wie gesagt ICH jammere ja auf hohem Niveau, aber trotzdem. Wenn ICH nix tun kann bin ich nicht so super gut druff. So. <\/span><\/p>\n<p><span style=\"font-family: Verdana; font-size: 85%;\">Ansonsten seh ich trotz meiner angeborenen Besorgtheit auch Positives, Chancen f\u00fcr was anderes. Nunja &#8222;kommt zeit kommt rat&#8220; &#8211; meine g\u00fcte wie ich das hasse :-) <\/span><\/p>\n","protected":false},"excerpt":{"rendered":"<p>Ich dr\u00fccke mich schon eine ganze Weile ums bloggen. Nicht dass ich so tierisch besch\u00e4ftigt bin, n\u00f6. Eigentlich nicht. Wahrscheinlich befinde ich mich in einer hartn\u00e4ckig introvertierten Phase und komme mit dieser Schizo-Technik grade nicht klar. Introvertierte schreiben sichs von der Seele? &#8211; aber wenn ich es publiziere ist es ja eher eine extro-Geschichte. Nun &hellip; <\/p>\n<p class=\"read-more\"><a class=\"readmore-btn\" href=\"https:\/\/www.all-about-schmitz.de\/wordpress\/blog\/tja-das-neue-jahr-und-vom-jammern-auf-hohem-niveau\/\"><span>Read Article<\/span><span class=\"screen-reader-text\">  Read More<\/span><\/a><\/p>\n","protected":false},"author":2,"featured_media":0,"comment_status":"open","ping_status":"open","sticky":false,"template":"","format":"standard","meta":{"_seopress_robots_primary_cat":"","_seopress_titles_title":"","_seopress_titles_desc":"","_seopress_robots_index":"","footnotes":""},"categories":[4,5],"tags":[],"class_list":["post-155","post","type-post","status-publish","format-standard","hentry","category-psycho-2","category-real-life"],"_links":{"self":[{"href":"https:\/\/www.all-about-schmitz.de\/wordpress\/wp-json\/wp\/v2\/posts\/155","targetHints":{"allow":["GET"]}}],"collection":[{"href":"https:\/\/www.all-about-schmitz.de\/wordpress\/wp-json\/wp\/v2\/posts"}],"about":[{"href":"https:\/\/www.all-about-schmitz.de\/wordpress\/wp-json\/wp\/v2\/types\/post"}],"author":[{"embeddable":true,"href":"https:\/\/www.all-about-schmitz.de\/wordpress\/wp-json\/wp\/v2\/users\/2"}],"replies":[{"embeddable":true,"href":"https:\/\/www.all-about-schmitz.de\/wordpress\/wp-json\/wp\/v2\/comments?post=155"}],"version-history":[{"count":1,"href":"https:\/\/www.all-about-schmitz.de\/wordpress\/wp-json\/wp\/v2\/posts\/155\/revisions"}],"predecessor-version":[{"id":356,"href":"https:\/\/www.all-about-schmitz.de\/wordpress\/wp-json\/wp\/v2\/posts\/155\/revisions\/356"}],"wp:attachment":[{"href":"https:\/\/www.all-about-schmitz.de\/wordpress\/wp-json\/wp\/v2\/media?parent=155"}],"wp:term":[{"taxonomy":"category","embeddable":true,"href":"https:\/\/www.all-about-schmitz.de\/wordpress\/wp-json\/wp\/v2\/categories?post=155"},{"taxonomy":"post_tag","embeddable":true,"href":"https:\/\/www.all-about-schmitz.de\/wordpress\/wp-json\/wp\/v2\/tags?post=155"}],"curies":[{"name":"wp","href":"https:\/\/api.w.org\/{rel}","templated":true}]}}