{"id":200,"date":"2010-08-06T09:54:36","date_gmt":"2010-08-06T09:54:36","guid":{"rendered":"http:\/\/beateschmitz.wordpress.com\/?p=200"},"modified":"2010-08-06T09:54:36","modified_gmt":"2010-08-06T09:54:36","slug":"morgenrituale","status":"publish","type":"post","link":"https:\/\/www.all-about-schmitz.de\/wordpress\/blog\/morgenrituale\/","title":{"rendered":"Morgenrituale"},"content":{"rendered":"<p>\u00dcber was Familie Schmitz morgens beim Kaffee im Bett so lacht :<\/p>\n<p>Stehen zwei K\u00f6lner auf der Domspitze und schauen runter.<br \/>\nSagt der eine K\u00f6lner zum anderen: &#8222;Mir isset wat langweilisch.<br \/>\nIsch jonn jetz wat fleeje&#8220; und springt von der Turmspitze, breitet die Arme aus und fliegt davon.<\/p>\n<p>Eine Stunde sp\u00e4ter ist er wieder da und der andere K\u00f6lner fragt ihn &#8222;Und,wo biste jew\u00e4\u00e4se?&#8220;<br \/>\nWoraufhin der erste K\u00f6lner sagt: &#8222;Isch ben jet d\u00b4r Rhing erop jeflooche, bes no Kowelenz un widder zor\u00f6ck!&#8220;<\/p>\n<p>Der zweite K\u00f6lner springt von der Turmspitze, breitet die Arme aus und fliegt davon.<br \/>\nEine Stunde sp\u00e4ter ist der wieder da und der erste K\u00f6lner fragt ihn: &#8222;Na, wo wors de jew\u00e4\u00e4se?&#8220;<br \/>\nSagt der zweite K\u00f6lner: &#8222;Isch ben d\u00b4r Rhing eraff jeflooche, no N\u00fc\u00fcss und zor\u00f6ck.&#8220;<\/p>\n<p>Da \u00fcberlegt sich ein D\u00fcsseldoofer unten auf der Domplatte &#8222;Was die k\u00f6nnen kann ich auch.&#8220;<br \/>\nEr klettert beschwerlich nach oben auf den Turm und fragt die zwei K\u00f6lner wie die das mit dem Fliegen gemacht haben.<br \/>\nSagt der erste K\u00f6lner: &#8222;Dat es janz einfach. Du deis einfach hee runger springe, m\u00e4\u00e4s de \u00c4rm ussenander und fl\u00fcchs loss!&#8220;<\/p>\n<p>Der D\u00fcsseldoofer springt, breitet die Arme aus, f\u00e4llt und f\u00e4llt, klatscht auf die Domplatte, hinterl\u00e4sst ein Riesenloch und ist tot.<\/p>\n<p>Sagt der zweite K\u00f6lner zum ersten:<br \/>\n&#8222;H\u00fc\u00fcrens, dof\u00fc\u00fcr dat mer Engelsche sen, simmer janz sch\u00f6n fies, \u00b4ne?!<\/p>\n<p>(E-Mail von Dana)<\/p>\n","protected":false},"excerpt":{"rendered":"<p>\u00dcber was Familie Schmitz morgens beim Kaffee im Bett so lacht : Stehen zwei K\u00f6lner auf der Domspitze und schauen runter. Sagt der eine K\u00f6lner zum anderen: &#8222;Mir isset wat langweilisch. Isch jonn jetz wat fleeje&#8220; und springt von der Turmspitze, breitet die Arme aus und fliegt davon. Eine Stunde sp\u00e4ter ist er wieder da &hellip; <\/p>\n<p class=\"read-more\"><a class=\"readmore-btn\" href=\"https:\/\/www.all-about-schmitz.de\/wordpress\/blog\/morgenrituale\/\"><span>Read Article<\/span><span class=\"screen-reader-text\">  Read More<\/span><\/a><\/p>\n","protected":false},"author":2,"featured_media":0,"comment_status":"open","ping_status":"open","sticky":false,"template":"","format":"standard","meta":{"_seopress_robots_primary_cat":"","_seopress_titles_title":"","_seopress_titles_desc":"","_seopress_robots_index":"","footnotes":""},"categories":[8],"tags":[],"class_list":["post-200","post","type-post","status-publish","format-standard","hentry","category-uncategorized"],"_links":{"self":[{"href":"https:\/\/www.all-about-schmitz.de\/wordpress\/wp-json\/wp\/v2\/posts\/200","targetHints":{"allow":["GET"]}}],"collection":[{"href":"https:\/\/www.all-about-schmitz.de\/wordpress\/wp-json\/wp\/v2\/posts"}],"about":[{"href":"https:\/\/www.all-about-schmitz.de\/wordpress\/wp-json\/wp\/v2\/types\/post"}],"author":[{"embeddable":true,"href":"https:\/\/www.all-about-schmitz.de\/wordpress\/wp-json\/wp\/v2\/users\/2"}],"replies":[{"embeddable":true,"href":"https:\/\/www.all-about-schmitz.de\/wordpress\/wp-json\/wp\/v2\/comments?post=200"}],"version-history":[{"count":0,"href":"https:\/\/www.all-about-schmitz.de\/wordpress\/wp-json\/wp\/v2\/posts\/200\/revisions"}],"wp:attachment":[{"href":"https:\/\/www.all-about-schmitz.de\/wordpress\/wp-json\/wp\/v2\/media?parent=200"}],"wp:term":[{"taxonomy":"category","embeddable":true,"href":"https:\/\/www.all-about-schmitz.de\/wordpress\/wp-json\/wp\/v2\/categories?post=200"},{"taxonomy":"post_tag","embeddable":true,"href":"https:\/\/www.all-about-schmitz.de\/wordpress\/wp-json\/wp\/v2\/tags?post=200"}],"curies":[{"name":"wp","href":"https:\/\/api.w.org\/{rel}","templated":true}]}}