{"id":202,"date":"2010-08-08T11:48:18","date_gmt":"2010-08-08T11:48:18","guid":{"rendered":"http:\/\/beateschmitz.wordpress.com\/?p=202"},"modified":"2010-08-08T11:48:18","modified_gmt":"2010-08-08T11:48:18","slug":"darf-man-das","status":"publish","type":"post","link":"https:\/\/www.all-about-schmitz.de\/wordpress\/blog\/darf-man-das\/","title":{"rendered":"Darf man das?"},"content":{"rendered":"<p>Momentan ist in meiner Umgebung viel los: Rund um die Kampagne &#8222;Deutschland &#8211; Schw\u00e4bisch Hall Land&#8220;, die Stadt Schw\u00e4bisch Hall und Blomberg im sch\u00f6nen Lipperland. (Das sch\u00f6n schreibt sich so sch\u00f6n &#8211; noch kann ich es aus eigener Erfahrung nicht best\u00e4tigen).<\/p>\n<p>Meine Rolle in dieser Geschichte? Nun ich bin nicht ganz unschuldig am <a href=\"http:\/\/www.bausparfuchs.de\">Bausparfuchs-Blog<\/a>. Und ich habe hin und wieder dem <a href=\"http:\/\/www.twitter.com\/bausparfuchs\">@bausparfuchs<\/a> den einen oder anderen Tweet geschrieben.<\/p>\n<p>Zum Beispiel diesen hier: <a href=\"http:\/\/twitter.com\/Bausparfuchs\/status\/20210202792\">http:\/\/twitter.com\/Bausparfuchs\/status\/20210202792<\/a><\/p>\n<p>Im Tweet ist ein Bild verlinkt, welche das Gro\u00dffl\u00e4chenplakat der Bausparkasse Schw\u00e4bisch Hall (mit dem Blomberg-Motiv) am Bebelplatz in Berlin zeigt.<\/p>\n<p>Parallel hat sich auch die Stadt Schw\u00e4bisch Hall mit der Kampagne der Schw\u00e4bisch Hall besch\u00e4ftigt. Nicht besonders wohlwollend &#8211; nach meiner pers\u00f6nlichen Meinung reagiert man ein wenig &#8222;beleidigt&#8220;. Das Unternehmen Schw\u00e4bisch Hall habe sich ungefragt den Begriff &#8222;Schw\u00e4bisch Hall&#8220; markenrechtlich sch\u00fctzen lassen.<\/p>\n<figure id=\"attachment_204\" aria-describedby=\"caption-attachment-204\" style=\"width: 150px\" class=\"wp-caption alignleft\"><a href=\"https:\/\/www.all-about-schmitz.de\/wordpress\/wp-content\/uploads\/2010\/08\/foto.jpg\" rel=\"lightbox[202]\"><img loading=\"lazy\" decoding=\"async\" class=\"size-thumbnail wp-image-204\" title=\"Titelseite des Lokalteils des Hallertagblatt vom 08. August 2010\" src=\"https:\/\/www.all-about-schmitz.de\/wordpress\/wp-content\/uploads\/2010\/08\/foto.jpg?w=150\" alt=\"Titelseite des Lokalteils des Hallertagblatt vom 08. August 2010\" width=\"150\" height=\"112\" srcset=\"https:\/\/www.all-about-schmitz.de\/wordpress\/wp-content\/uploads\/2010\/08\/foto.jpg 1280w, https:\/\/www.all-about-schmitz.de\/wordpress\/wp-content\/uploads\/2010\/08\/foto-300x225.jpg 300w, https:\/\/www.all-about-schmitz.de\/wordpress\/wp-content\/uploads\/2010\/08\/foto-1024x768.jpg 1024w\" sizes=\"auto, (max-width: 150px) 100vw, 150px\" \/><\/a><figcaption id=\"caption-attachment-204\" class=\"wp-caption-text\">Titelseite des Lokalteils des Hallertagblatt vom 08. August 2010<\/figcaption><\/figure>\n<p>Meine Erkenntnis beziehe ich aus dem &#8222;Aufmacher&#8220; der Lokalseite vom gestrigen Samstag (07. August 2010). Verlinken macht wenig Sinn, &#8211; da der Artikel im &#8222;Bezahl&#8220;-Bereich des Hallertagblatts stattfindet.<\/p>\n<p>Hierzu auch ein <a href=\"http:\/\/www.hallertagblatt.de\/region\/hallertagblatt\/ht_leserbriefe\/5176027\/artikel.php\">Leserbrief<\/a> im Hallertagblatt &#8211; des selben Datums. Geschrieben von Herrn Parpart, welcher die Argumentation des Leitartikels insofern st\u00fctzt, dass er ebenfalls Gr\u00fcnde findet, warum dem Schw\u00e4bisch Haller B\u00fcrger, das Werben mit dem Begriff\u00a0 &#8222;Schw\u00e4bisch Hall&#8220; nicht gefallen soll.<\/p>\n<p>Soweit so gut &#8211; endlich mal was los in Schw\u00e4bisch Hall :-).<\/p>\n<p>Um jetzt zu meiner Frage in der \u00dcberschrift zur\u00fcckzukommen &#8211; der aufmerksame Leser mag es schon bemerkt haben: Das Bild des Tweets und das Bild des Artikels \u00e4hneln sich auf sehr auff\u00e4llige Weise. Die Quellenangabe (pv = privat) empfinde ich jedoch mindestens als sehr schlechten Stil.<\/p>\n<figure id=\"attachment_209\" aria-describedby=\"caption-attachment-209\" style=\"width: 300px\" class=\"wp-caption aligncenter\"><a href=\"https:\/\/www.all-about-schmitz.de\/wordpress\/wp-content\/uploads\/2010\/08\/twitter-photo.jpg\" rel=\"lightbox[202]\"><img loading=\"lazy\" decoding=\"async\" class=\"size-medium wp-image-209 \" title=\"Twitter-Photo\" src=\"https:\/\/www.all-about-schmitz.de\/wordpress\/wp-content\/uploads\/2010\/08\/twitter-photo.jpg?w=300\" alt=\"Twitter-Photo\" width=\"300\" height=\"187\" srcset=\"https:\/\/www.all-about-schmitz.de\/wordpress\/wp-content\/uploads\/2010\/08\/twitter-photo.jpg 1280w, https:\/\/www.all-about-schmitz.de\/wordpress\/wp-content\/uploads\/2010\/08\/twitter-photo-300x187.jpg 300w, https:\/\/www.all-about-schmitz.de\/wordpress\/wp-content\/uploads\/2010\/08\/twitter-photo-1024x640.jpg 1024w\" sizes=\"auto, (max-width: 300px) 100vw, 300px\" \/><\/a><figcaption id=\"caption-attachment-209\" class=\"wp-caption-text\">Twitter-Photo vom 03.08.2010 Quelle: @bausparfuchs<\/figcaption><\/figure>\n<p><br class=\"spacer_\" \/><\/p>\n<figure id=\"attachment_208\" aria-describedby=\"caption-attachment-208\" style=\"width: 300px\" class=\"wp-caption aligncenter\"><a href=\"https:\/\/www.all-about-schmitz.de\/wordpress\/wp-content\/uploads\/2010\/08\/htdetail.jpg\" rel=\"lightbox[202]\"><img loading=\"lazy\" decoding=\"async\" class=\"size-medium wp-image-208\" title=\"HT 07.08. 2010 Detail Aufnahme\" src=\"https:\/\/www.all-about-schmitz.de\/wordpress\/wp-content\/uploads\/2010\/08\/htdetail.jpg?w=300\" alt=\"HT Detail Aufnahme\" width=\"300\" height=\"225\" srcset=\"https:\/\/www.all-about-schmitz.de\/wordpress\/wp-content\/uploads\/2010\/08\/htdetail.jpg 2048w, https:\/\/www.all-about-schmitz.de\/wordpress\/wp-content\/uploads\/2010\/08\/htdetail-300x225.jpg 300w, https:\/\/www.all-about-schmitz.de\/wordpress\/wp-content\/uploads\/2010\/08\/htdetail-1024x768.jpg 1024w\" sizes=\"auto, (max-width: 300px) 100vw, 300px\" \/><\/a><figcaption id=\"caption-attachment-208\" class=\"wp-caption-text\">HT 07.08.2010 Quelle: pv<\/figcaption><\/figure>\n","protected":false},"excerpt":{"rendered":"<p>Momentan ist in meiner Umgebung viel los: Rund um die Kampagne &#8222;Deutschland &#8211; Schw\u00e4bisch Hall Land&#8220;, die Stadt Schw\u00e4bisch Hall und Blomberg im sch\u00f6nen Lipperland. (Das sch\u00f6n schreibt sich so sch\u00f6n &#8211; noch kann ich es aus eigener Erfahrung nicht best\u00e4tigen). Meine Rolle in dieser Geschichte? Nun ich bin nicht ganz unschuldig am Bausparfuchs-Blog. Und &hellip; <\/p>\n<p class=\"read-more\"><a class=\"readmore-btn\" href=\"https:\/\/www.all-about-schmitz.de\/wordpress\/blog\/darf-man-das\/\"><span>Read Article<\/span><span class=\"screen-reader-text\">  Read More<\/span><\/a><\/p>\n","protected":false},"author":2,"featured_media":204,"comment_status":"open","ping_status":"open","sticky":false,"template":"","format":"standard","meta":{"_seopress_robots_primary_cat":"","_seopress_titles_title":"","_seopress_titles_desc":"","_seopress_robots_index":"","footnotes":""},"categories":[],"tags":[],"class_list":["post-202","post","type-post","status-publish","format-standard","has-post-thumbnail","hentry"],"_links":{"self":[{"href":"https:\/\/www.all-about-schmitz.de\/wordpress\/wp-json\/wp\/v2\/posts\/202","targetHints":{"allow":["GET"]}}],"collection":[{"href":"https:\/\/www.all-about-schmitz.de\/wordpress\/wp-json\/wp\/v2\/posts"}],"about":[{"href":"https:\/\/www.all-about-schmitz.de\/wordpress\/wp-json\/wp\/v2\/types\/post"}],"author":[{"embeddable":true,"href":"https:\/\/www.all-about-schmitz.de\/wordpress\/wp-json\/wp\/v2\/users\/2"}],"replies":[{"embeddable":true,"href":"https:\/\/www.all-about-schmitz.de\/wordpress\/wp-json\/wp\/v2\/comments?post=202"}],"version-history":[{"count":0,"href":"https:\/\/www.all-about-schmitz.de\/wordpress\/wp-json\/wp\/v2\/posts\/202\/revisions"}],"wp:featuredmedia":[{"embeddable":true,"href":"https:\/\/www.all-about-schmitz.de\/wordpress\/wp-json\/wp\/v2\/media\/204"}],"wp:attachment":[{"href":"https:\/\/www.all-about-schmitz.de\/wordpress\/wp-json\/wp\/v2\/media?parent=202"}],"wp:term":[{"taxonomy":"category","embeddable":true,"href":"https:\/\/www.all-about-schmitz.de\/wordpress\/wp-json\/wp\/v2\/categories?post=202"},{"taxonomy":"post_tag","embeddable":true,"href":"https:\/\/www.all-about-schmitz.de\/wordpress\/wp-json\/wp\/v2\/tags?post=202"}],"curies":[{"name":"wp","href":"https:\/\/api.w.org\/{rel}","templated":true}]}}