{"id":2141,"date":"2016-07-11T14:36:12","date_gmt":"2016-07-11T12:36:12","guid":{"rendered":"http:\/\/www.all-about-schmitz.de\/wordpress\/?p=2141"},"modified":"2016-07-11T14:36:12","modified_gmt":"2016-07-11T12:36:12","slug":"homestory-der-schmitzsche-camperlifestyle","status":"publish","type":"post","link":"https:\/\/www.all-about-schmitz.de\/wordpress\/blog\/homestory-der-schmitzsche-camperlifestyle\/","title":{"rendered":"Homestory: Der Schmitzsche Camperlifestyle"},"content":{"rendered":"<p>&nbsp;<\/p>\n<p>7.00h Es wird wohl drau\u00dfen langsam hell. Am einen Tag mehr am anderen Tag weniger. Der Wecker ist wohl gestellt (das macht wie zuhause J\u00f6rg) aber hier ist das selten wichtig. Grunds\u00e4tzlich habe ich begr\u00fc\u00dft, dass das Meer eher im Osten ist &#8211; das erspart mir Diskussionen am fr\u00fchen Morgen, wenn J\u00f6rg &#8222;die Lerche&#8220; den Sonnengru\u00df mit Kamera und sonstigen Aktionen zelebriert.<\/p>\n<p><a href=\"https:\/\/www.all-about-schmitz.de\/wordpress\/wp-content\/uploads\/2016\/07\/fruehstueck.jpg\" rel=\"lightbox[2141]\"><img loading=\"lazy\" decoding=\"async\" class=\"alignleft size-large wp-image-2139\" src=\"https:\/\/www.all-about-schmitz.de\/wordpress\/wp-content\/uploads\/2016\/07\/fruehstueck-780x780.jpg\" alt=\"fruehstueck.jpg\" width=\"640\" height=\"640\" srcset=\"https:\/\/www.all-about-schmitz.de\/wordpress\/wp-content\/uploads\/2016\/07\/fruehstueck-780x780.jpg 780w, https:\/\/www.all-about-schmitz.de\/wordpress\/wp-content\/uploads\/2016\/07\/fruehstueck-600x600.jpg 600w, https:\/\/www.all-about-schmitz.de\/wordpress\/wp-content\/uploads\/2016\/07\/fruehstueck-768x768.jpg 768w, https:\/\/www.all-about-schmitz.de\/wordpress\/wp-content\/uploads\/2016\/07\/fruehstueck.jpg 1024w\" sizes=\"auto, (max-width: 640px) 100vw, 640px\" \/><\/a><\/p>\n<p>8.00h Es gibt Fr\u00fchst\u00fcck. M\u00fcsli mit Banane. Meistens Kaffee, der uns nicht so gut schmeckt. Wenn wir faul sind und ein Roadhouse auf der Strecke liegt, gibt&#8217;s auch erst dann welchen. Der ist zwar wie alles Essen hier, eine Investition &#8211; aber meistens leckerer als den, den wir hier selbst machen.<\/p>\n<p>Danach Geschirr und Z\u00e4hne putzen, das Auto von s\u00e4mtlichen Leitungen befreien, Gash\u00e4hne schlie\u00dfen, die Toilettenschublade Entleeren und die Trinkwasserflaschen aus der 12 Liter Flasche bef\u00fcllen. Und dann sind wir auch schon startklar.<\/p>\n<p>80 Prozent der Fahrarbeit erledigt J\u00f6rg. Vor allem die Feinarbeit wie einparken, bewohnte Gegenden befahren etc.<\/p>\n<p><a href=\"https:\/\/www.all-about-schmitz.de\/wordpress\/wp-content\/uploads\/2016\/07\/joerg-faehrt.jpg\" rel=\"lightbox[2141]\"><img loading=\"lazy\" decoding=\"async\" class=\"alignleft size-large wp-image-2138\" src=\"https:\/\/www.all-about-schmitz.de\/wordpress\/wp-content\/uploads\/2016\/07\/joerg-faehrt-585x780.jpg\" alt=\"joerg-faehrt.jpg\" width=\"585\" height=\"780\" srcset=\"https:\/\/www.all-about-schmitz.de\/wordpress\/wp-content\/uploads\/2016\/07\/joerg-faehrt-585x780.jpg 585w, https:\/\/www.all-about-schmitz.de\/wordpress\/wp-content\/uploads\/2016\/07\/joerg-faehrt-600x800.jpg 600w, https:\/\/www.all-about-schmitz.de\/wordpress\/wp-content\/uploads\/2016\/07\/joerg-faehrt.jpg 768w, https:\/\/www.all-about-schmitz.de\/wordpress\/wp-content\/uploads\/2016\/07\/joerg-faehrt-576x768.jpg 576w\" sizes=\"auto, (max-width: 585px) 100vw, 585px\" \/><\/a><\/p>\n<p>Ich navigiere und sorge je nach Gem\u00fctslage f\u00fcr Getr\u00e4nke, Snacks oder Wortbeitr\u00e4ge der mehr oder minder unterhaltenden Art. Am Anfang war ich noch sehr ungeduldig und habe jeden Stein kommentiert und die Kilometer gez\u00e4hlt. Man braucht eine Weile bis man die mit der Weite und der Entfernung umgehen kann. Die Landschaft \u00e4ndert sich gem\u00e4chlich, wir entdecken st\u00e4ndig neue Dinge &#8211; ja dazu geh\u00f6ren auch tote Tiere. Unterhaltsam waren auch die Sp\u00e4\u00dfe gelangweilter Bauarbeiter, die in einem Streckenabschnitt den tiefrostroten Termitenh\u00fcgeln wei\u00dfe Bauarbeiterhelme aufgesetzt haben.<\/p>\n<p>Klassischer Dialog: J\u00f6rg: Soll ich ein Foto machen? Beate: Hm. J\u00f6rg h\u00e4lt an, steigt aus und verschwindet um ein Foto zu machen.<\/p>\n<p>Je l\u00e4nger der Urlaub dauert, um so entspannter gehen wir mit der Fahrerei um. Die Ansage von J\u00f6rg: &#8222;das werden gute 5000 Kilometer werden&#8220; Schrecken uns mittlerweile nicht mehr so sehr.<\/p>\n<p>Unser Camper ist schon ein Riesenschiff. Sehr bequem &#8211; leider nicht sehr gel\u00e4ndetauglich. Wir bewundern immer wieder Aussie-Camper-L\u00f6sungen. Keine Ahnung wie man die Dinger nennt. Irgendwas zwischen LKW und Wohnwagen.<\/p>\n<p>Wir haben eine Mikrowelle (sehr sehr cool), eine Toilette (grunds\u00e4tzlich schon cool), Herd, K\u00fchlschrank und eine Dunstabzugshaube (naja) an Bord. Durch das unfreiwillige Upgrade auf einen nicht so richtig versicherten neueren Camper haben wir auch noch eine Essecke. Und das wichtigste: ein riesiges Bett, das so gro\u00df ist, dass man es auch noch als Klamottendepot nutzen kann.<\/p>\n<p>Ordnung. Auch so ein Thema. Wir haben zahlreiche sehr kleine Stauf\u00e4cher. Also jedem Menge Pl\u00e4tze ums Sachen zu verstauen. Und sie dann ewig zu suchen. Das wird auch die n\u00e4chsten zwei Wochen noch so bleiben. Dagegen hilft nur Rotwein.<\/p>\n<p>Mittlerweile ist es gut Mittag. Wir haben dann meisten so 250 km hinter uns. Man darf hier genau 110 km\/h Stunde fahren. Meistens funktioniert das ohne Probleme. Bis hierhin haben wir etwa 2 langsamere Wohnwagengespanne (die d\u00fcrfen nur 100 km\/h) \u00fcberholt. Gegenverkehr, je nach Gegend vielleicht 1 pro 5 Kilometer.<\/p>\n<p>Irgendwann kommen wir dann an. Wir stellen das Fahrzeug ab, stecken im Idealfall den Stecker in die Steckdose und besichtigen die neue Location. Duschen, brutzeln uns was und gehen dann zum bloggen und Bilder kucken \u00fcber.<\/p>\n<p><a href=\"https:\/\/www.all-about-schmitz.de\/wordpress\/wp-content\/uploads\/2016\/07\/stuehle.jpg\" rel=\"lightbox[2141]\"><img loading=\"lazy\" decoding=\"async\" class=\"alignleft size-large wp-image-2140\" src=\"https:\/\/www.all-about-schmitz.de\/wordpress\/wp-content\/uploads\/2016\/07\/stuehle-780x780.jpg\" alt=\"stuehle.jpg\" width=\"640\" height=\"640\" srcset=\"https:\/\/www.all-about-schmitz.de\/wordpress\/wp-content\/uploads\/2016\/07\/stuehle-780x780.jpg 780w, https:\/\/www.all-about-schmitz.de\/wordpress\/wp-content\/uploads\/2016\/07\/stuehle-600x600.jpg 600w, https:\/\/www.all-about-schmitz.de\/wordpress\/wp-content\/uploads\/2016\/07\/stuehle-768x768.jpg 768w, https:\/\/www.all-about-schmitz.de\/wordpress\/wp-content\/uploads\/2016\/07\/stuehle.jpg 1024w\" sizes=\"auto, (max-width: 640px) 100vw, 640px\" \/><\/a><\/p>\n<p>20 Uhr. Nat\u00fcrlich fand dieser Tag so genau nie statt. Heute zum Beispiel sind wir keinen km gefahren. Wir haben uns einfach einen superfaulen Montag am Strand gemacht. Den sch\u00f6nsten Sonnenuntergang ever gesehen bis es dunkel war und kalt wurde. Aber das mit dem Brutzeln und dem Bloggen und dem Bilder kucken. Das wiederholen wir jeden Tag.<\/p>\n","protected":false},"excerpt":{"rendered":"<p>&nbsp; 7.00h Es wird wohl drau\u00dfen langsam hell. Am einen Tag mehr am anderen Tag weniger. Der Wecker ist wohl gestellt (das macht wie zuhause J\u00f6rg) aber hier ist das selten wichtig. Grunds\u00e4tzlich habe ich begr\u00fc\u00dft, dass das Meer eher im Osten ist &#8211; das erspart mir Diskussionen am fr\u00fchen Morgen, wenn J\u00f6rg &#8222;die Lerche&#8220; &hellip; <\/p>\n<p class=\"read-more\"><a class=\"readmore-btn\" href=\"https:\/\/www.all-about-schmitz.de\/wordpress\/blog\/homestory-der-schmitzsche-camperlifestyle\/\"><span>Read Article<\/span><span class=\"screen-reader-text\">  Read More<\/span><\/a><\/p>\n","protected":false},"author":1,"featured_media":2140,"comment_status":"open","ping_status":"open","sticky":false,"template":"","format":"standard","meta":{"_seopress_robots_primary_cat":"","_seopress_titles_title":"","_seopress_titles_desc":"","_seopress_robots_index":"","footnotes":""},"categories":[241,75],"tags":[],"class_list":["post-2141","post","type-post","status-publish","format-standard","has-post-thumbnail","hentry","category-australien","category-reise"],"_links":{"self":[{"href":"https:\/\/www.all-about-schmitz.de\/wordpress\/wp-json\/wp\/v2\/posts\/2141","targetHints":{"allow":["GET"]}}],"collection":[{"href":"https:\/\/www.all-about-schmitz.de\/wordpress\/wp-json\/wp\/v2\/posts"}],"about":[{"href":"https:\/\/www.all-about-schmitz.de\/wordpress\/wp-json\/wp\/v2\/types\/post"}],"author":[{"embeddable":true,"href":"https:\/\/www.all-about-schmitz.de\/wordpress\/wp-json\/wp\/v2\/users\/1"}],"replies":[{"embeddable":true,"href":"https:\/\/www.all-about-schmitz.de\/wordpress\/wp-json\/wp\/v2\/comments?post=2141"}],"version-history":[{"count":1,"href":"https:\/\/www.all-about-schmitz.de\/wordpress\/wp-json\/wp\/v2\/posts\/2141\/revisions"}],"predecessor-version":[{"id":2143,"href":"https:\/\/www.all-about-schmitz.de\/wordpress\/wp-json\/wp\/v2\/posts\/2141\/revisions\/2143"}],"wp:featuredmedia":[{"embeddable":true,"href":"https:\/\/www.all-about-schmitz.de\/wordpress\/wp-json\/wp\/v2\/media\/2140"}],"wp:attachment":[{"href":"https:\/\/www.all-about-schmitz.de\/wordpress\/wp-json\/wp\/v2\/media?parent=2141"}],"wp:term":[{"taxonomy":"category","embeddable":true,"href":"https:\/\/www.all-about-schmitz.de\/wordpress\/wp-json\/wp\/v2\/categories?post=2141"},{"taxonomy":"post_tag","embeddable":true,"href":"https:\/\/www.all-about-schmitz.de\/wordpress\/wp-json\/wp\/v2\/tags?post=2141"}],"curies":[{"name":"wp","href":"https:\/\/api.w.org\/{rel}","templated":true}]}}