{"id":2579,"date":"2017-07-18T21:02:52","date_gmt":"2017-07-18T19:02:52","guid":{"rendered":"http:\/\/www.all-about-schmitz.de\/wordpress\/?p=2579"},"modified":"2017-07-18T21:02:52","modified_gmt":"2017-07-18T19:02:52","slug":"nicht-sooo-schlau","status":"publish","type":"post","link":"https:\/\/www.all-about-schmitz.de\/wordpress\/blog\/nicht-sooo-schlau\/","title":{"rendered":"Nicht sooo schlau"},"content":{"rendered":"<p class=\"p1\">So, am morgigen Mittwoch m\u00fcssen wir unseren Camper wieder bis 12 Uhr in Tallinn abgeben. Am Donnerstag fliegen wir dann um kurz nach 10 Uhr von Tallinn \u00fcber Amsterdam zur\u00fcck nach Stuttgart. Das war es dann also schon wieder mit diesem Urlaub. Zeit f\u00fcr ein ganz pers\u00f6nliches Fazit:<\/p>\n<figure id=\"attachment_2581\" aria-describedby=\"caption-attachment-2581\" style=\"width: 600px\" class=\"wp-caption aligncenter\"><img loading=\"lazy\" decoding=\"async\" class=\"size-medium wp-image-2581\" src=\"https:\/\/www.all-about-schmitz.de\/wordpress\/wp-content\/uploads\/2017\/07\/IMG_7414-600x450.jpg\" alt=\"\" width=\"600\" height=\"450\" srcset=\"https:\/\/www.all-about-schmitz.de\/wordpress\/wp-content\/uploads\/2017\/07\/IMG_7414-600x450.jpg 600w, https:\/\/www.all-about-schmitz.de\/wordpress\/wp-content\/uploads\/2017\/07\/IMG_7414-768x576.jpg 768w, https:\/\/www.all-about-schmitz.de\/wordpress\/wp-content\/uploads\/2017\/07\/IMG_7414-1024x768.jpg 1024w, https:\/\/www.all-about-schmitz.de\/wordpress\/wp-content\/uploads\/2017\/07\/IMG_7414-360x270.jpg 360w\" sizes=\"auto, (max-width: 600px) 100vw, 600px\" \/><figcaption id=\"caption-attachment-2581\" class=\"wp-caption-text\">Frisch geduscht, alles zusammengepackt und aufger\u00e4umt. Morgen geben wir den Camper zur\u00fcck.<\/figcaption><\/figure>\n<p class=\"p1\">Ich tat mich schon w\u00e4hrend der Vorbereitung etwas schwer mit dem Baltikum. Das hat sich im Laufe der letzten Wochen best\u00e4tigt. So richtig gepackt hat es mich nie. Ich sich mal so: Wir hatten schon spektakul\u00e4rere, spannendere und intensivere Reisen. Wesentlich spektakul\u00e4rere, wesentlich spannendere und wesentlich intensivere Reisen.<\/p>\n<p><strong>Was war toll?<\/strong><\/p>\n<p class=\"p1\">Dennoch gab es nat\u00fcrlich ein paar Highlights. Ein Highlight im wahrsten Sinne des Wortes ist das Licht, das Tageslicht. Von 3:30 bis 24 Uhr ist es taghell. Das war zun\u00e4chst etwas ungewohnt, entspannt aber ungemein. Denn wenn wir etwas sehen oder besuchen wollten, hatten wir alle Zeit der Welt. War ja eh hell.<\/p>\n<p class=\"p1\">St. Petersburg, das Panorama auf die Stadt, die Architektur ist f\u00fcr mich ein weiterer Pluspunkt und eine absolute Empfehlung. Allerdings nicht f\u00fcr den Sommer. Da geht es zu wie am ersten Tag der Sommerferien im Phantasialand. Mal im Winter nach St. Petersburg reisen steht f\u00fcr mich deshalb auf meiner To-Do-Liste.<\/p>\n<p class=\"p1\">Riga, ebenfalls eine Empfehlung f\u00fcr ein langes Wochenende. Sofern man keine Jugenstil-Allergie hat. Der Besuch im ehemaligen KGB Gef\u00e4ngnis wird mir noch eine Weile durch den Kopf gehen. Oder besser: Der Moment in dem ich sp\u00fcrte, dass der Guide nicht nur angelesenes B\u00fccherwissen von sich gab, sondern aus eigener (leidvollen) Erfahrung berichtete.<\/p>\n<p>St\u00f6rche. Ganz viele St\u00f6rche. So viele haben wir in unserem ganzen Leben zusammen noch nicht gesehen.<\/p>\n<p class=\"p1\">Der Berg der Kreuze. Obwohl ich ein zutiefst ungl\u00e4ubiger Mensch bin, bewegen mich religi\u00f6se Orte immer wieder. Hier flie\u00dfen so viele Hoffnungen und \u00c4ngste zusammen, dass ich mich dem nicht entziehen kann und auch nicht m\u00f6chte.<\/p>\n<p class=\"p1\"><strong>Und was war bl\u00f6d? <\/strong><\/p>\n<p class=\"p1\">Die Landschaft war alles andere als abwechslungsreich. Das ist, insbesondere wenn man eine Weile durch sie hindurchf\u00e4hrt, eher erm\u00fcdend und langweilig. Au\u00dferdem ist die Ostsee kalt. Das ist an sich keine \u00dcberraschung. Doch ich nutze ein Meer nun mal gerne, um darin zu schwimmen, zu tauchen, es aktiv zu erkunden. Das ist hier nicht so gegeben.<\/p>\n<figure id=\"attachment_2582\" aria-describedby=\"caption-attachment-2582\" style=\"width: 600px\" class=\"wp-caption aligncenter\"><img loading=\"lazy\" decoding=\"async\" class=\"size-medium wp-image-2582\" src=\"https:\/\/www.all-about-schmitz.de\/wordpress\/wp-content\/uploads\/2017\/07\/IMG_9057-600x450.jpg\" alt=\"\" width=\"600\" height=\"450\" srcset=\"https:\/\/www.all-about-schmitz.de\/wordpress\/wp-content\/uploads\/2017\/07\/IMG_9057-600x450.jpg 600w, https:\/\/www.all-about-schmitz.de\/wordpress\/wp-content\/uploads\/2017\/07\/IMG_9057-768x576.jpg 768w, https:\/\/www.all-about-schmitz.de\/wordpress\/wp-content\/uploads\/2017\/07\/IMG_9057-1024x768.jpg 1024w, https:\/\/www.all-about-schmitz.de\/wordpress\/wp-content\/uploads\/2017\/07\/IMG_9057-360x270.jpg 360w\" sizes=\"auto, (max-width: 600px) 100vw, 600px\" \/><figcaption id=\"caption-attachment-2582\" class=\"wp-caption-text\">Beate on the Rocks, heute im Lahmaa National Park.<\/figcaption><\/figure>\n<p class=\"p1\">Gerade was die K\u00fcste angeht denke ich, dass die Gegend zwischen Rostock und Stralsund fast alles bietet, was es hier auch zu sehen gibt. Daf\u00fcr muss man also nicht unbedingt ins Baltikum.<\/p>\n<p class=\"p1\">Und die Menschen hier? Also da gibt es schon ein paar wesentlich offenere und freundlichere V\u00f6lker.<\/p>\n<p class=\"p1\">Ach ja, das Wetter. Das soll hier der mieseste Sommer seit 1974 sein. Und wir waren dabei! Im Urlaub habe ich nix gegen ein paar Grad mehr und etwas weniger Regen.<\/p>\n<p class=\"p1\">Bete meine eben, wir h\u00e4tten schon ein paar richtig gute Sachen gemacht. Und ein paar nicht sooo schlaue. Diese Reise geh\u00f6rt leider in die letztere Kategorie.<\/p>\n","protected":false},"excerpt":{"rendered":"<p>So, am morgigen Mittwoch m\u00fcssen wir unseren Camper wieder bis 12 Uhr in Tallinn abgeben. Am Donnerstag fliegen wir dann um kurz nach 10 Uhr von Tallinn \u00fcber Amsterdam zur\u00fcck nach Stuttgart. Das war es dann also schon wieder mit diesem Urlaub. Zeit f\u00fcr ein ganz pers\u00f6nliches Fazit: Ich tat mich schon w\u00e4hrend der Vorbereitung &hellip; <\/p>\n<p class=\"read-more\"><a class=\"readmore-btn\" href=\"https:\/\/www.all-about-schmitz.de\/wordpress\/blog\/nicht-sooo-schlau\/\"><span>Read Article<\/span><span class=\"screen-reader-text\">  Read More<\/span><\/a><\/p>\n","protected":false},"author":3,"featured_media":2583,"comment_status":"open","ping_status":"open","sticky":false,"template":"","format":"standard","meta":{"_seopress_robots_primary_cat":"","_seopress_titles_title":"","_seopress_titles_desc":"","_seopress_robots_index":"","footnotes":""},"categories":[299,75],"tags":[278,345,353,351,331],"class_list":["post-2579","post","type-post","status-publish","format-standard","has-post-thumbnail","hentry","category-baltikum","category-reise","tag-baltikum","tag-berg-der-kreuze","tag-highlights","tag-kgb","tag-riga"],"_links":{"self":[{"href":"https:\/\/www.all-about-schmitz.de\/wordpress\/wp-json\/wp\/v2\/posts\/2579","targetHints":{"allow":["GET"]}}],"collection":[{"href":"https:\/\/www.all-about-schmitz.de\/wordpress\/wp-json\/wp\/v2\/posts"}],"about":[{"href":"https:\/\/www.all-about-schmitz.de\/wordpress\/wp-json\/wp\/v2\/types\/post"}],"author":[{"embeddable":true,"href":"https:\/\/www.all-about-schmitz.de\/wordpress\/wp-json\/wp\/v2\/users\/3"}],"replies":[{"embeddable":true,"href":"https:\/\/www.all-about-schmitz.de\/wordpress\/wp-json\/wp\/v2\/comments?post=2579"}],"version-history":[{"count":3,"href":"https:\/\/www.all-about-schmitz.de\/wordpress\/wp-json\/wp\/v2\/posts\/2579\/revisions"}],"predecessor-version":[{"id":2586,"href":"https:\/\/www.all-about-schmitz.de\/wordpress\/wp-json\/wp\/v2\/posts\/2579\/revisions\/2586"}],"wp:featuredmedia":[{"embeddable":true,"href":"https:\/\/www.all-about-schmitz.de\/wordpress\/wp-json\/wp\/v2\/media\/2583"}],"wp:attachment":[{"href":"https:\/\/www.all-about-schmitz.de\/wordpress\/wp-json\/wp\/v2\/media?parent=2579"}],"wp:term":[{"taxonomy":"category","embeddable":true,"href":"https:\/\/www.all-about-schmitz.de\/wordpress\/wp-json\/wp\/v2\/categories?post=2579"},{"taxonomy":"post_tag","embeddable":true,"href":"https:\/\/www.all-about-schmitz.de\/wordpress\/wp-json\/wp\/v2\/tags?post=2579"}],"curies":[{"name":"wp","href":"https:\/\/api.w.org\/{rel}","templated":true}]}}