{"id":4049,"date":"2026-04-29T03:40:52","date_gmt":"2026-04-29T01:40:52","guid":{"rendered":"https:\/\/www.all-about-schmitz.de\/wordpress\/?p=4049"},"modified":"2026-04-29T03:43:40","modified_gmt":"2026-04-29T01:43:40","slug":"die-seele-planscht","status":"publish","type":"post","link":"https:\/\/www.all-about-schmitz.de\/wordpress\/blog\/die-seele-planscht\/","title":{"rendered":"Die Seele planscht."},"content":{"rendered":"\n<p>Hatte ich eigentlich schon erw\u00e4hnt, dass die Badehose der Reiseleitung in einem lebhaften T\u00fcrkis mit der Sonne um die Wette strahlt? Sie f\u00fcgt sich so nahtlos in die Lagune ein, dass man fast den \u00dcberblick verliert. <\/p>\n\n\n\n<p>Nur die wasserdichte Hosentasche f\u00fcr das Handy ist \u2013 sagen wir mal \u2013 mittel-praktisch, da der Rei\u00dfverschluss eine recht eigensinnige Pers\u00f6nlichkeit besitzt. Und das Handy von dort nur sehr schwierig zu befreien ist.<\/p>\n\n\n\n<p>Die Tage hier an der Lagune lassen wir ruhig angehen. Fr\u00fchst\u00fcck gibt es ohnehin erst ab zehn im \u201eChina-House\u201c nebenan. Unser Hotel bietet au\u00dfer dem sehr coolen, ganzt\u00e4gig schattigen Bootssteg und der Mega-Aussicht eher wenig Komfort. Gemini w\u00fcrde sagen: \u201eEs besticht durch seinen rustikalen Charme.\u201c Das lasse ich jetzt einfach mal so stehen. Wer es am See richtig chic haben will, muss tiefer in die Tasche greifen \u2013 aber wir finden: Die Abwechslung macht\u2019s.<\/p>\n\n\n\n<p>Deshalb hatte die Reiseleitung f\u00fcr den Sonntag Nachmittag eine Segeltour \u00fcber die <em>Laguna de los Siete Colores<\/em> geplant. Und wie wir hier t\u00e4glich beobachten k\u00f6nnen, ist  in Gruppen Boot fahren hier ein Hauptbestandteil der Freizeitbesch\u00e4ftigung. Segelboote sind eher selten, aber um so sch\u00f6ner.<\/p>\n\n\n\n<p>Und ich mache es jetzt nicht unn\u00f6tig spannend. Es war ein Traum. Wir hatten den besten Platz ganz vorne auf dem Bug und schipperten \u00fcber kristallklares Wasser, das farblich alles von tiefem 80-Meter-Blau bis zu pastelligem T\u00fcrkisgr\u00fcn \u00fcber wei\u00dfem Sand zu bieten hatte. Im Hintergrund liefen chillige Latin-Beats (Bad Bunny l\u00e4sst gr\u00fc\u00dfen), es gab eiskaltes Bier und Agua de Jamaica. Ab und zu ein Sprung ins Wasser \u2013 Entspannung pur.<\/p>\n\n\n\n<p>Die Seele baumelt und plantscht.<\/p>\n\n\n\n<p>Jetzt fehlt mir eigentlich nur noch ein Badeanzug in Nemo-Orange. So als Kontrastprogramm zum T\u00fcrkis.<\/p>\n\n\n\n<p><\/p>\n\n\n\n<p><\/p>\n","protected":false},"excerpt":{"rendered":"<p>Hatte ich eigentlich schon erw\u00e4hnt, dass die Badehose der Reiseleitung in einem lebhaften T\u00fcrkis mit der Sonne um die Wette strahlt? Sie f\u00fcgt sich so nahtlos in die Lagune ein, dass man fast den \u00dcberblick verliert. Nur die wasserdichte Hosentasche f\u00fcr das Handy ist \u2013 sagen wir mal \u2013 mittel-praktisch, da der Rei\u00dfverschluss eine recht &hellip; <\/p>\n<p class=\"read-more\"><a class=\"readmore-btn\" href=\"https:\/\/www.all-about-schmitz.de\/wordpress\/blog\/die-seele-planscht\/\"><span>Read Article<\/span><span class=\"screen-reader-text\">  Read More<\/span><\/a><\/p>\n","protected":false},"author":2,"featured_media":4048,"comment_status":"closed","ping_status":"open","sticky":false,"template":"","format":"standard","meta":{"_seopress_robots_primary_cat":"","_seopress_titles_title":"","_seopress_titles_desc":"","_seopress_robots_index":"","footnotes":""},"categories":[620],"tags":[648,654,652,651],"class_list":["post-4049","post","type-post","status-publish","format-standard","has-post-thumbnail","hentry","category-mexiko-guatemala-belize","tag-bacalar","tag-laguna-de-los-siete-colores-2","tag-lagune","tag-planschen"],"_links":{"self":[{"href":"https:\/\/www.all-about-schmitz.de\/wordpress\/wp-json\/wp\/v2\/posts\/4049","targetHints":{"allow":["GET"]}}],"collection":[{"href":"https:\/\/www.all-about-schmitz.de\/wordpress\/wp-json\/wp\/v2\/posts"}],"about":[{"href":"https:\/\/www.all-about-schmitz.de\/wordpress\/wp-json\/wp\/v2\/types\/post"}],"author":[{"embeddable":true,"href":"https:\/\/www.all-about-schmitz.de\/wordpress\/wp-json\/wp\/v2\/users\/2"}],"replies":[{"embeddable":true,"href":"https:\/\/www.all-about-schmitz.de\/wordpress\/wp-json\/wp\/v2\/comments?post=4049"}],"version-history":[{"count":3,"href":"https:\/\/www.all-about-schmitz.de\/wordpress\/wp-json\/wp\/v2\/posts\/4049\/revisions"}],"predecessor-version":[{"id":4052,"href":"https:\/\/www.all-about-schmitz.de\/wordpress\/wp-json\/wp\/v2\/posts\/4049\/revisions\/4052"}],"wp:featuredmedia":[{"embeddable":true,"href":"https:\/\/www.all-about-schmitz.de\/wordpress\/wp-json\/wp\/v2\/media\/4048"}],"wp:attachment":[{"href":"https:\/\/www.all-about-schmitz.de\/wordpress\/wp-json\/wp\/v2\/media?parent=4049"}],"wp:term":[{"taxonomy":"category","embeddable":true,"href":"https:\/\/www.all-about-schmitz.de\/wordpress\/wp-json\/wp\/v2\/categories?post=4049"},{"taxonomy":"post_tag","embeddable":true,"href":"https:\/\/www.all-about-schmitz.de\/wordpress\/wp-json\/wp\/v2\/tags?post=4049"}],"curies":[{"name":"wp","href":"https:\/\/api.w.org\/{rel}","templated":true}]}}