{"id":627,"date":"2011-04-10T19:13:52","date_gmt":"2011-04-10T17:13:52","guid":{"rendered":"http:\/\/www.all-about-schmitz.de\/wordpress\/?p=627"},"modified":"2011-04-10T19:13:52","modified_gmt":"2011-04-10T17:13:52","slug":"wieder-da","status":"publish","type":"post","link":"https:\/\/www.all-about-schmitz.de\/wordpress\/blog\/wieder-da\/","title":{"rendered":"Wieder da"},"content":{"rendered":"<p><a rel=\"attachment wp-att-642\" href=\"https:\/\/www.all-about-schmitz.de\/wordpress\/social-media\/wieder-da\/attachment\/250\/\"><img loading=\"lazy\" decoding=\"async\" class=\"alignleft size-thumbnail wp-image-642\" title=\"re:turn to re:publica\" src=\"https:\/\/www.all-about-schmitz.de\/wordpress\/wp-content\/uploads\/2011\/04\/250-150x150.jpg\" alt=\"\" width=\"150\" height=\"150\" srcset=\"https:\/\/www.all-about-schmitz.de\/wordpress\/wp-content\/uploads\/2011\/04\/250-150x150.jpg 150w, https:\/\/www.all-about-schmitz.de\/wordpress\/wp-content\/uploads\/2011\/04\/250.jpg 250w\" sizes=\"auto, (max-width: 150px) 100vw, 150px\" \/><\/a>Nach gef\u00fchlten Monaten bin ich wieder da. Einigerma\u00dfen zumindest.Gemeint ist der Job. Diese aufregende Sache rund um das Waberwort &#8222;Social Media&#8220;.<\/p>\n<p>Die Highlights der letzten Tage waren ein Workshop zu meinem sozialen Bauchweh-Thema und ein GenoBarcamp. Und das n\u00e4chste Highlight steht jetzt direkt an. Die re:publica. Gerne auch #rp11 genannt. Mit dem Twitter-Hashtag ersparen wir uns eine andere lustige Abk\u00fcrzung und richtig coole W\u00f6rter schreibt man klein.<\/p>\n<p>Ich war letztes Jahr zum ersten Mal da. Damals hatte ich Bedenken ob ich da \u00fcberhaupt hinpasse. Ob mir das irgendwas gibt und ob ich mich da wohl f\u00fchlen w\u00fcrde. Im Sinne von &#8222;zugeh\u00f6rig&#8220;. Weil als Blogger w\u00fcrde ich mich nie bezeichnen und was ich dort als Marketingm\u00e4uschen* suchen sollte war mir auch nicht ganz klar. Dazu ist das was ich hier privat mache viel zu lose und programmlos. Wie sich herausstellte war das aber gar kein Problem. Die Stimmung war anders als auf jeder anderen Tagung \/ Konferenz \/ Messe die ich je erlebt habe, und eigentlich gabs auch keine sichtbaren Gruppen &#8211; nur ein bunter Haufen von Leuten mit jeder Menge elektronischem Ger\u00e4t in den Crumpler-Taschen.<\/p>\n<p>Die Stimmung hat mich an den Kirchentag 1981 in Hamburg erinnert :-). Nur das Singen in der U-Bahn hat gefehlt, daf\u00fcr gibts aber diesmal Powerpoint-Karaoke. Ich war auch nach der R\u00fcckkehr \u00e4hnlich beseelt vom Geh\u00f6rten und Gelernten &#8211; und hab ganz im Gegensatz zu den 80ern was draus machen k\u00f6nnen.<\/p>\n<p>Letztes Mal kannte ich dort genau 4 Leute pers\u00f6nlich. Diesmal sind es schon wesentlich mehr. Ich freue mich seit Monaten drauf: &#8222;Berlin ich komme. Notfalls auch mit Kamillentee und Zwieback im Gep\u00e4ck.&#8220;<\/p>\n<p>&nbsp;<\/p>\n<p>*der Begriffswelt von Herrn Schmitz entlehnt.<\/p>\n<p>&nbsp;<\/p>\n","protected":false},"excerpt":{"rendered":"<p>Nach gef\u00fchlten Monaten bin ich wieder da. Einigerma\u00dfen zumindest.Gemeint ist der Job. Diese aufregende Sache rund um das Waberwort &#8222;Social Media&#8220;. Die Highlights der letzten Tage waren ein Workshop zu meinem sozialen Bauchweh-Thema und ein GenoBarcamp. Und das n\u00e4chste Highlight steht jetzt direkt an. Die re:publica. Gerne auch #rp11 genannt. Mit dem Twitter-Hashtag ersparen wir &hellip; <\/p>\n<p class=\"read-more\"><a class=\"readmore-btn\" href=\"https:\/\/www.all-about-schmitz.de\/wordpress\/blog\/wieder-da\/\"><span>Read Article<\/span><span class=\"screen-reader-text\">  Read More<\/span><\/a><\/p>\n","protected":false},"author":2,"featured_media":642,"comment_status":"open","ping_status":"open","sticky":false,"template":"","format":"standard","meta":{"_seopress_robots_primary_cat":"","_seopress_titles_title":"","_seopress_titles_desc":"","_seopress_robots_index":"","footnotes":""},"categories":[69,74,7],"tags":[],"class_list":["post-627","post","type-post","status-publish","format-standard","has-post-thumbnail","hentry","category-bloggen","category-job","category-social-media"],"_links":{"self":[{"href":"https:\/\/www.all-about-schmitz.de\/wordpress\/wp-json\/wp\/v2\/posts\/627","targetHints":{"allow":["GET"]}}],"collection":[{"href":"https:\/\/www.all-about-schmitz.de\/wordpress\/wp-json\/wp\/v2\/posts"}],"about":[{"href":"https:\/\/www.all-about-schmitz.de\/wordpress\/wp-json\/wp\/v2\/types\/post"}],"author":[{"embeddable":true,"href":"https:\/\/www.all-about-schmitz.de\/wordpress\/wp-json\/wp\/v2\/users\/2"}],"replies":[{"embeddable":true,"href":"https:\/\/www.all-about-schmitz.de\/wordpress\/wp-json\/wp\/v2\/comments?post=627"}],"version-history":[{"count":18,"href":"https:\/\/www.all-about-schmitz.de\/wordpress\/wp-json\/wp\/v2\/posts\/627\/revisions"}],"predecessor-version":[{"id":646,"href":"https:\/\/www.all-about-schmitz.de\/wordpress\/wp-json\/wp\/v2\/posts\/627\/revisions\/646"}],"wp:featuredmedia":[{"embeddable":true,"href":"https:\/\/www.all-about-schmitz.de\/wordpress\/wp-json\/wp\/v2\/media\/642"}],"wp:attachment":[{"href":"https:\/\/www.all-about-schmitz.de\/wordpress\/wp-json\/wp\/v2\/media?parent=627"}],"wp:term":[{"taxonomy":"category","embeddable":true,"href":"https:\/\/www.all-about-schmitz.de\/wordpress\/wp-json\/wp\/v2\/categories?post=627"},{"taxonomy":"post_tag","embeddable":true,"href":"https:\/\/www.all-about-schmitz.de\/wordpress\/wp-json\/wp\/v2\/tags?post=627"}],"curies":[{"name":"wp","href":"https:\/\/api.w.org\/{rel}","templated":true}]}}