{"id":675,"date":"2011-04-21T17:23:53","date_gmt":"2011-04-21T15:23:53","guid":{"rendered":"http:\/\/www.all-about-schmitz.de\/wordpress\/?p=675"},"modified":"2011-04-26T13:30:56","modified_gmt":"2011-04-26T11:30:56","slug":"kapverden","status":"publish","type":"post","link":"https:\/\/www.all-about-schmitz.de\/wordpress\/blog\/kapverden\/","title":{"rendered":"Kapverden???"},"content":{"rendered":"<p><span style=\"font-family: Arial; font-size: small;\">Es ist nun wirklich keine  Schande, \u00fcber die geografische Lage der Kapverdischen Inseln keine Vorstellung  zu haben. Hatten wir auch nicht (ich muss an dieser Stelle &#8222;wir&#8220;  schreiben, ansonsten w\u00e4re Beate m\u00f6glicherweise kurz sauer *g). F\u00fcr  alle, die es etwas genauer wissen wollen: <\/span><a href=\"http:\/\/de.wikipedia.org\/wiki\/Kapverdische_Inseln\" target=\"_blank\"><span style=\"color: #0000ff; font-family: Arial; font-size: small;\"><span style=\"text-decoration: underline;\">http:\/\/de.wikipedia.org\/wiki\/Kapverdische_Inseln<\/span><\/span><\/a><span style=\"font-family: Arial; font-size: small;\">. F\u00fcr alle anderen: ein St\u00fcck links\/westlich  von Afrika.<\/span><\/p>\n<p><span style=\"font-family: Arial; font-size: small;\">Das Gute an den Kapverden: es gibt nocht nicht einmal einen Tourismusverband. Das sollte spannend werden. Das Schlechte an den Kapverden: es gibt nocht nicht einmal einen Tourismusverband. Dementsprechend sind die Infos \u00fcber die Inseln, Unterk\u00fcnfte, Infrastruktur etc. sehr \u00fcberschaubar.  Wir wissen also nicht so recht, was uns da erwartet. Haben wir einen  Plan? Nun ja &#8230; \u00e4h &#8230; rudiment\u00e4r.<\/span><\/p>\n<p><span style=\"font-family: Arial; font-size: small;\">Um euch einen ersten Eindruck zu geben,  warum wir die Kapverden als Urlaubsziel ausgesucht haben, folgt hier  ein bar jeglicher Prosa, betont sachliches Zitat aus einem Reisef\u00fchrer:<\/span><\/p>\n<p><span style=\"font-family: Arial; font-size: small;\">&#8222;Die Kapverdischen Inseln sind mit  ihrem milden, trockenen ozeanischen Klima, den endlosen Traumstr\u00e4nden,  den fr\u00f6hlichen Menschen und der beschwingenden Musik der absolute Geheimtipp!  Jede Insel des Archipels h\u00e4lt eine Besonderheit f\u00fcr den Besucher bereit.  Santo Ant\u00e3o ist die wildeste und gr\u00fcnste Insel, Sal ist eine Mondlandschaft  aus Salz, Fogo &#8211; die Lavainsel mit dem Temperament der Erde oder Boa  Vista &#8211; die gesunkene Vergangenheit! Hier findet jeder seine pers\u00f6nliche  Lieblingsinsel!&#8220;<\/span><\/p>\n<p><span style=\"font-family: Arial; font-size: small;\">Als erste Anlaufstelle haben wir uns  f\u00fcr Boa Vista, die Insel mit der &#8222;gesunkenen Vergangenheit&#8220;  entschieden. Was es mit dieser Vergangenheit auf sich hat? Wir werden  es herausfinden. Welche wird unsere Lieblingsinsel? Und warum auch nicht?  Fragen \u00fcber Fragen. Wir werden sie alle beantworten. Schon bald &#8230;  hier \u2026 in diesem Sinne &#8230; Fortsetzung folgt :-)<\/span><\/p>\n","protected":false},"excerpt":{"rendered":"<p>Es ist nun wirklich keine Schande, \u00fcber die geografische Lage der Kapverdischen Inseln keine Vorstellung zu haben. Hatten wir auch nicht (ich muss an dieser Stelle &#8222;wir&#8220; schreiben, ansonsten w\u00e4re Beate m\u00f6glicherweise kurz sauer *g). F\u00fcr alle, die es etwas genauer wissen wollen: http:\/\/de.wikipedia.org\/wiki\/Kapverdische_Inseln. F\u00fcr alle anderen: ein St\u00fcck links\/westlich von Afrika. Das Gute an &hellip; <\/p>\n<p class=\"read-more\"><a class=\"readmore-btn\" href=\"https:\/\/www.all-about-schmitz.de\/wordpress\/blog\/kapverden\/\"><span>Read Article<\/span><span class=\"screen-reader-text\">  Read More<\/span><\/a><\/p>\n","protected":false},"author":3,"featured_media":0,"comment_status":"open","ping_status":"open","sticky":false,"template":"","format":"standard","meta":{"_seopress_robots_primary_cat":"","_seopress_titles_title":"","_seopress_titles_desc":"","_seopress_robots_index":"","footnotes":""},"categories":[108,75],"tags":[104,105],"class_list":["post-675","post","type-post","status-publish","format-standard","hentry","category-kapverden","category-reise","tag-kapverdische-inseln","tag-schmitz-2"],"_links":{"self":[{"href":"https:\/\/www.all-about-schmitz.de\/wordpress\/wp-json\/wp\/v2\/posts\/675","targetHints":{"allow":["GET"]}}],"collection":[{"href":"https:\/\/www.all-about-schmitz.de\/wordpress\/wp-json\/wp\/v2\/posts"}],"about":[{"href":"https:\/\/www.all-about-schmitz.de\/wordpress\/wp-json\/wp\/v2\/types\/post"}],"author":[{"embeddable":true,"href":"https:\/\/www.all-about-schmitz.de\/wordpress\/wp-json\/wp\/v2\/users\/3"}],"replies":[{"embeddable":true,"href":"https:\/\/www.all-about-schmitz.de\/wordpress\/wp-json\/wp\/v2\/comments?post=675"}],"version-history":[{"count":9,"href":"https:\/\/www.all-about-schmitz.de\/wordpress\/wp-json\/wp\/v2\/posts\/675\/revisions"}],"predecessor-version":[{"id":726,"href":"https:\/\/www.all-about-schmitz.de\/wordpress\/wp-json\/wp\/v2\/posts\/675\/revisions\/726"}],"wp:attachment":[{"href":"https:\/\/www.all-about-schmitz.de\/wordpress\/wp-json\/wp\/v2\/media?parent=675"}],"wp:term":[{"taxonomy":"category","embeddable":true,"href":"https:\/\/www.all-about-schmitz.de\/wordpress\/wp-json\/wp\/v2\/categories?post=675"},{"taxonomy":"post_tag","embeddable":true,"href":"https:\/\/www.all-about-schmitz.de\/wordpress\/wp-json\/wp\/v2\/tags?post=675"}],"curies":[{"name":"wp","href":"https:\/\/api.w.org\/{rel}","templated":true}]}}