{"id":756,"date":"2011-04-28T20:00:33","date_gmt":"2011-04-28T18:00:33","guid":{"rendered":"http:\/\/www.all-about-schmitz.de\/wordpress\/?p=756"},"modified":"2011-04-28T20:01:02","modified_gmt":"2011-04-28T18:01:02","slug":"typisch","status":"publish","type":"post","link":"https:\/\/www.all-about-schmitz.de\/wordpress\/blog\/typisch\/","title":{"rendered":"Typisch"},"content":{"rendered":"<p><a href=\"https:\/\/www.all-about-schmitz.de\/wordpress\/wp-content\/uploads\/2011\/04\/20110428-165656.jpg\" rel=\"lightbox[756]\"><img decoding=\"async\" src=\"https:\/\/www.all-about-schmitz.de\/wordpress\/wp-content\/uploads\/2011\/04\/20110428-165656.jpg\" alt=\"20110428-165656.jpg\" class=\"alignnone size-full\" \/><\/a><\/p>\n<p>Zeit f\u00fcr ein kleines Zwischenfazit zu Boa Vista. Wir haben gerade einen etwas sehr langen Stopover auf Sal. DIE Flug-Verteiler-Insel hier. Deshalb auch jede Menge Leerlauf den wir Handybloggend auf einer Terrasse am Strand verbringen. <\/p>\n<p>Aber zu Boa Vista: was mich wirklich sehr positiv \u00fcberrascht hat ist das sehr sehr angenehme Klima. Ein immer frischer Wind sch\u00fctzt vor Hitzestaus jeglicher Art.<br \/>\nDas Meerwasser d\u00fcrfte laut Internet so um die 22 Grad warm sein &#8211; auch das ist erfrischend. <\/p>\n<p>Der Himmel ist meist blau mit W\u00f6lkchen. Das finde ich angenehm. Die Sonne scheint von morgens 7 bis abends 7. Dank Lichtschutzfaktor 30 und 50 haben wir uns bisher auch noch keine unprofessionellen Hautr\u00f6tungen zugezogen.<\/p>\n<p>Der Tourismusfaktor? Schwer zu sagen. Die Touranbieter, Hotellerie und Restaurants scheinen fest in italienischer Hand zu sein. Aber ich f\u00fcrchte irgendwie, dass die Einheimischen das einfach verpasst haben. Auch kleine L\u00e4den f\u00fcr den t\u00e4glichen Bedarf werden von den allgegenw\u00e4rtigen Chinesen gef\u00fchrt. Es gibt nur einige wenige einheimische  Lokale. Und trotz Spaghetti und Pizza wirkt alles hier nicht sehr touristisch. Eher so wie Teneriffa vor 50 Jahren. Klar gibt es hier ein paar gro\u00dfe Clubhotels. Aber die Touris bleiben da drin. Die st\u00f6ren niemanden. Die Unterkunft die wir hatten war sehr nett, famili\u00e4r und sauber. Pr\u00e4dikat empfehlenswert. Strand und Meer: 5 von 5 Sternen. <\/p>\n<p>Shopping kann man hier v\u00f6llig vernachl\u00e4ssigen &#8211; es sei denn man steht auf afrikanische Plakatmalerei in grellen Farben oder seltsame Holzskulpturen. <\/p>\n<p>Typisch: \u00fcber jedem Souvenirladen steht :&#8220;No stress&#8220; &#8211; und: klar versuchen die einheimischen shopbesitzer ein Verkaufsgespr\u00e4ch vor dem Laden anzubahnen. &#8222;alles klar&#8220; ist ein beliebter warm-up Spruch. <\/p>\n<p>Essen: als reiner Vegetarier w\u00fcrde ich hier wohl die Krise kriegen. Aber zum Gl\u00fcck mag ich ja Fisch sehr gerne. Werde wohl am Urlaubsende einen ganzen Thunfisch verspeist haben. Au\u00dferdem ganz wichtig: zu jedem Essen wird Ketchup und Mayo gereicht. Keine Ahnung wo das herkommt. Von den Italienern sicher nicht. Auch Pommes geh\u00f6ren au\u00dfer zu Spaghetti und Pizza irgendwie immer dazu. <\/p>\n<p>Sprache: man spricht portugiesisch oder mit H\u00e4nden und F\u00fc\u00dfen. Englisch selten. Manchmal komme ich mit meinen paar Brocken italienisch da weiter. <\/p>\n<p>Leute: relaxed. Zur\u00fcckhaltend. Eher gut gelaunt. <\/p>\n<p>Musik:  sehr auff\u00e4llig ist, dass wirklich \u00fcberall Musik l\u00e4uft. Das reicht von chilligem einheimische Latin-irgendwas bis zu den Heulbojen unserer Tage. Ich denke J\u00f6rg wird Herrn Blunt gerade parallel einen geharnischten Blogpost widmen. Also will ich hier nicht vorgreifen. <\/p>\n<p>Alles in allem bisher sehr entspannend. Und die Kapverden sind auf jedenfall irgendwas zwischen Birma (Infrastruktur und Internet) und Ostsee im Sommer (Wind und Pizzeria).<\/p>\n","protected":false},"excerpt":{"rendered":"<p>Zeit f\u00fcr ein kleines Zwischenfazit zu Boa Vista. Wir haben gerade einen etwas sehr langen Stopover auf Sal. DIE Flug-Verteiler-Insel hier. Deshalb auch jede Menge Leerlauf den wir Handybloggend auf einer Terrasse am Strand verbringen. Aber zu Boa Vista: was mich wirklich sehr positiv \u00fcberrascht hat ist das sehr sehr angenehme Klima. Ein immer frischer &hellip; <\/p>\n<p class=\"read-more\"><a class=\"readmore-btn\" href=\"https:\/\/www.all-about-schmitz.de\/wordpress\/blog\/typisch\/\"><span>Read Article<\/span><span class=\"screen-reader-text\">  Read More<\/span><\/a><\/p>\n","protected":false},"author":2,"featured_media":755,"comment_status":"open","ping_status":"open","sticky":false,"template":"","format":"standard","meta":{"_seopress_robots_primary_cat":"","_seopress_titles_title":"","_seopress_titles_desc":"","_seopress_robots_index":"","footnotes":""},"categories":[108,75],"tags":[234],"class_list":["post-756","post","type-post","status-publish","format-standard","has-post-thumbnail","hentry","category-kapverden","category-reise","tag-kapverden"],"_links":{"self":[{"href":"https:\/\/www.all-about-schmitz.de\/wordpress\/wp-json\/wp\/v2\/posts\/756","targetHints":{"allow":["GET"]}}],"collection":[{"href":"https:\/\/www.all-about-schmitz.de\/wordpress\/wp-json\/wp\/v2\/posts"}],"about":[{"href":"https:\/\/www.all-about-schmitz.de\/wordpress\/wp-json\/wp\/v2\/types\/post"}],"author":[{"embeddable":true,"href":"https:\/\/www.all-about-schmitz.de\/wordpress\/wp-json\/wp\/v2\/users\/2"}],"replies":[{"embeddable":true,"href":"https:\/\/www.all-about-schmitz.de\/wordpress\/wp-json\/wp\/v2\/comments?post=756"}],"version-history":[{"count":1,"href":"https:\/\/www.all-about-schmitz.de\/wordpress\/wp-json\/wp\/v2\/posts\/756\/revisions"}],"predecessor-version":[{"id":757,"href":"https:\/\/www.all-about-schmitz.de\/wordpress\/wp-json\/wp\/v2\/posts\/756\/revisions\/757"}],"wp:featuredmedia":[{"embeddable":true,"href":"https:\/\/www.all-about-schmitz.de\/wordpress\/wp-json\/wp\/v2\/media\/755"}],"wp:attachment":[{"href":"https:\/\/www.all-about-schmitz.de\/wordpress\/wp-json\/wp\/v2\/media?parent=756"}],"wp:term":[{"taxonomy":"category","embeddable":true,"href":"https:\/\/www.all-about-schmitz.de\/wordpress\/wp-json\/wp\/v2\/categories?post=756"},{"taxonomy":"post_tag","embeddable":true,"href":"https:\/\/www.all-about-schmitz.de\/wordpress\/wp-json\/wp\/v2\/tags?post=756"}],"curies":[{"name":"wp","href":"https:\/\/api.w.org\/{rel}","templated":true}]}}