{"id":765,"date":"2011-05-01T18:53:01","date_gmt":"2011-05-01T16:53:01","guid":{"rendered":"http:\/\/www.all-about-schmitz.de\/wordpress\/reise\/party\/"},"modified":"2011-05-01T18:53:01","modified_gmt":"2011-05-01T16:53:01","slug":"party","status":"publish","type":"post","link":"https:\/\/www.all-about-schmitz.de\/wordpress\/blog\/party\/","title":{"rendered":"Party"},"content":{"rendered":"<p>Da habe ich mich in meinem letzten Blog viel zu weit aus dem Fenster gelehnt &#8230; von wegen Geisterhaus und so. Waren hier bis Freitag nur das Brechen der Meeresbrandung und der Wind zu vernehmen, ist das Ressort \u00fcber&#8217;s Wochenende zu einer Partyzone f\u00fcr Einheimische mutiert. <\/p>\n<p>Am Samstag kam die erste Partywelle mit der Invasion der ortsans\u00e4ssigen Reichen, Sch\u00f6nen und Supersch\u00f6nen. Der Parkplatz vor dem Ressort wirkte wie eine Musterausstellung aller g\u00e4ngigen SUVs.<\/p>\n<p>Die zweite Welle gesellte sich dann geich au\u00dferhalb der Anlage hinzu: dutzende Teenager, die nur einen Steinwurf von unserem Balkon entfernt ein Zeltlager am Strand aufgeschlagen haben. <\/p>\n<p>Immerhin lassen uns die Kids an ihrer Party teilhaben. Wie? Indem sie z.B. am heutigen Sonntag ihre Technomucke \u00fcber ihre mit Generatoren (!) angetriebene Anlage h\u00fcbsch laut aufdrehen &#8211; seit 6.30 Uhr am Morgen. G\u00f6nnen wir ihnen den Spa\u00df und hoffen auf ruhigere Zeiten.<\/p>\n","protected":false},"excerpt":{"rendered":"<p>Da habe ich mich in meinem letzten Blog viel zu weit aus dem Fenster gelehnt &#8230; von wegen Geisterhaus und so. Waren hier bis Freitag nur das Brechen der Meeresbrandung und der Wind zu vernehmen, ist das Ressort \u00fcber&#8217;s Wochenende zu einer Partyzone f\u00fcr Einheimische mutiert. Am Samstag kam die erste Partywelle mit der Invasion &hellip; <\/p>\n<p class=\"read-more\"><a class=\"readmore-btn\" href=\"https:\/\/www.all-about-schmitz.de\/wordpress\/blog\/party\/\"><span>Read Article<\/span><span class=\"screen-reader-text\">  Read More<\/span><\/a><\/p>\n","protected":false},"author":3,"featured_media":0,"comment_status":"open","ping_status":"open","sticky":false,"template":"","format":"standard","meta":{"_seopress_robots_primary_cat":"","_seopress_titles_title":"","_seopress_titles_desc":"","_seopress_robots_index":"","footnotes":""},"categories":[108,75],"tags":[122,234,126],"class_list":["post-765","post","type-post","status-publish","format-standard","hentry","category-kapverden","category-reise","tag-foya-branca","tag-kapverden","tag-party"],"_links":{"self":[{"href":"https:\/\/www.all-about-schmitz.de\/wordpress\/wp-json\/wp\/v2\/posts\/765","targetHints":{"allow":["GET"]}}],"collection":[{"href":"https:\/\/www.all-about-schmitz.de\/wordpress\/wp-json\/wp\/v2\/posts"}],"about":[{"href":"https:\/\/www.all-about-schmitz.de\/wordpress\/wp-json\/wp\/v2\/types\/post"}],"author":[{"embeddable":true,"href":"https:\/\/www.all-about-schmitz.de\/wordpress\/wp-json\/wp\/v2\/users\/3"}],"replies":[{"embeddable":true,"href":"https:\/\/www.all-about-schmitz.de\/wordpress\/wp-json\/wp\/v2\/comments?post=765"}],"version-history":[{"count":0,"href":"https:\/\/www.all-about-schmitz.de\/wordpress\/wp-json\/wp\/v2\/posts\/765\/revisions"}],"wp:attachment":[{"href":"https:\/\/www.all-about-schmitz.de\/wordpress\/wp-json\/wp\/v2\/media?parent=765"}],"wp:term":[{"taxonomy":"category","embeddable":true,"href":"https:\/\/www.all-about-schmitz.de\/wordpress\/wp-json\/wp\/v2\/categories?post=765"},{"taxonomy":"post_tag","embeddable":true,"href":"https:\/\/www.all-about-schmitz.de\/wordpress\/wp-json\/wp\/v2\/tags?post=765"}],"curies":[{"name":"wp","href":"https:\/\/api.w.org\/{rel}","templated":true}]}}