{"id":953,"date":"2011-12-25T19:44:20","date_gmt":"2011-12-25T18:44:20","guid":{"rendered":"http:\/\/www.all-about-schmitz.de\/wordpress\/?p=953"},"modified":"2011-12-25T19:44:20","modified_gmt":"2011-12-25T18:44:20","slug":"unsere-weihnachtsgeschichte-2011","status":"publish","type":"post","link":"https:\/\/www.all-about-schmitz.de\/wordpress\/blog\/unsere-weihnachtsgeschichte-2011\/","title":{"rendered":"Unsere Weihnachtsgeschichte 2011"},"content":{"rendered":"<figure id=\"attachment_956\" aria-describedby=\"caption-attachment-956\" style=\"width: 225px\" class=\"wp-caption alignleft\"><a href=\"https:\/\/www.all-about-schmitz.de\/wordpress\/blog\/2011\/12\/25\/unsere-weihnachtsgeschichte-2011\/img_0418\/\" rel=\"attachment wp-att-956\"><img loading=\"lazy\" decoding=\"async\" class=\"size-medium wp-image-956 \" title=\"Artischocken\" src=\"https:\/\/www.all-about-schmitz.de\/wordpress\/wp-content\/uploads\/2011\/12\/IMG_0418-225x300.jpg\" alt=\"Artischocken 30 Minuten in Salz-Zitronenwasser weich kochen\" width=\"225\" height=\"300\" srcset=\"https:\/\/www.all-about-schmitz.de\/wordpress\/wp-content\/uploads\/2011\/12\/IMG_0418-225x300.jpg 225w, https:\/\/www.all-about-schmitz.de\/wordpress\/wp-content\/uploads\/2011\/12\/IMG_0418-768x1024.jpg 768w, https:\/\/www.all-about-schmitz.de\/wordpress\/wp-content\/uploads\/2011\/12\/IMG_0418.jpg 1536w\" sizes=\"auto, (max-width: 225px) 100vw, 225px\" \/><\/a><figcaption id=\"caption-attachment-956\" class=\"wp-caption-text\">Artischocken<\/figcaption><\/figure>\n<p>Wir feiern seit \u00fcber 10 Jahren Heiligabend mit einem sch\u00f6nen, gerne und gut gekochten Essen im Kreise von lieben Menschen.<\/p>\n<p>Seit Anfang an dabei, J\u00f6rgs Mutter und Anita. Jedes Jahr wird ab Herbst diskutiert was wir diesesmal kochen wollen. Wichtig ist, dass es keine Wiederholungen gibt. Bis jetzt haben wir das ohne Probleme hinbekommen. \u00a0Anita ist f\u00fcr das Dessert zust\u00e4ndig. Dieses Jahr hat das nach Ihren Erz\u00e4hlungen mehrere Anl\u00e4ufe und Versuchsreihen ben\u00f6tigt um diese wirklich sauleckeren Eiwei\u00df-Zucker-Schaumgeb\u00e4cke herzustellen.<\/p>\n<p>Bisher gab noch nie vegetarisch, da Herr Schmitz auch mitreden darf &#8211; aber schon Indisch, traditionell schw\u00e4bischen Rehbraten und dieses Jahr haben wir uns von einem Paris-Ausflug zu franz\u00f6sichen Anleihen hinrei\u00dfen lassen.<\/p>\n<p>&nbsp;<\/p>\n<p><strong>Das Men\u00fc 2011:<\/strong><\/p>\n<p>Blattsalate mit Himbeeren, gegrillter Picandou mit einer Apfel-Vinaigrette<\/p>\n<p>Artischocken mit 3 verschiedenen Dips.<\/p>\n<p>Seeteufel mit Safranbutter,\u00a0getr\u00fcffelte Stampf-Erd\u00e4pfel und\u00a0gratinierter Chicor\u00e9e<\/p>\n<p>sehr sehr leckerer Grappa<\/p>\n<p>Mousse au Chocolat auf Orangenspiegel &#8211; oder auf Wunsch pur. Dazu Macarons und Kardamom-Espresso.<\/p>\n<p>&nbsp;<\/p>\n<figure id=\"attachment_963\" aria-describedby=\"caption-attachment-963\" style=\"width: 225px\" class=\"wp-caption alignright\"><a href=\"https:\/\/www.all-about-schmitz.de\/wordpress\/blog\/2011\/12\/25\/unsere-weihnachtsgeschichte-2011\/img_0419\/\" rel=\"attachment wp-att-963\"><img loading=\"lazy\" decoding=\"async\" class=\"size-medium wp-image-963\" title=\"Edel Grappa\" src=\"https:\/\/www.all-about-schmitz.de\/wordpress\/wp-content\/uploads\/2011\/12\/IMG_0419-225x300.jpg\" alt=\"\" width=\"225\" height=\"300\" srcset=\"https:\/\/www.all-about-schmitz.de\/wordpress\/wp-content\/uploads\/2011\/12\/IMG_0419-225x300.jpg 225w, https:\/\/www.all-about-schmitz.de\/wordpress\/wp-content\/uploads\/2011\/12\/IMG_0419-768x1024.jpg 768w, https:\/\/www.all-about-schmitz.de\/wordpress\/wp-content\/uploads\/2011\/12\/IMG_0419.jpg 1536w\" sizes=\"auto, (max-width: 225px) 100vw, 225px\" \/><\/a><figcaption id=\"caption-attachment-963\" class=\"wp-caption-text\">Leckerer Grappa<\/figcaption><\/figure>\n<p>Das Ganze dauert immer mehrere Stunden &#8211; es wird viel gelacht und diskutiert. In fr\u00fcheren Jahren haben wir auch schon versucht festliche Textbeitr\u00e4ge zu integrieren. Es dann aber wieder sein lassen. Gestern hab ich nach dem leckeren Grappa irgendwie angefangen von <a href=\"https:\/\/twitter.com\/#!\/joseph_von_naza\">@joseph_von_naza<\/a> zu erz\u00e4hlen. Dann angefangen die Tweets vorzulesen. Wir vier sind zusammen 209 Jahre alt &#8211; keiner au\u00dfer mir nutzt Twitter. Zwei von uns sind v\u00f6llig ahnungslos. Eine ist sogar v\u00f6llig offline. Aber alle fanden es sehr am\u00fcsant und waren sich einig, dass das eine tolle Aktion war. Noch mal ein neuer Aspekt in der Disziplin Social Media.<\/p>\n<p>&nbsp;<\/p>\n<p>&nbsp;<\/p>\n<p>&nbsp;<\/p>\n<p>&nbsp;<\/p>\n","protected":false},"excerpt":{"rendered":"<p>Wir feiern seit \u00fcber 10 Jahren Heiligabend mit einem sch\u00f6nen, gerne und gut gekochten Essen im Kreise von lieben Menschen. Seit Anfang an dabei, J\u00f6rgs Mutter und Anita. Jedes Jahr wird ab Herbst diskutiert was wir diesesmal kochen wollen. Wichtig ist, dass es keine Wiederholungen gibt. Bis jetzt haben wir das ohne Probleme hinbekommen. \u00a0Anita &hellip; <\/p>\n<p class=\"read-more\"><a class=\"readmore-btn\" href=\"https:\/\/www.all-about-schmitz.de\/wordpress\/blog\/unsere-weihnachtsgeschichte-2011\/\"><span>Read Article<\/span><span class=\"screen-reader-text\">  Read More<\/span><\/a><\/p>\n","protected":false},"author":1,"featured_media":956,"comment_status":"open","ping_status":"open","sticky":false,"template":"","format":"standard","meta":{"_seopress_robots_primary_cat":"","_seopress_titles_title":"","_seopress_titles_desc":"","_seopress_robots_index":"","footnotes":""},"categories":[7,89],"tags":[158,81],"class_list":["post-953","post","type-post","status-publish","format-standard","has-post-thumbnail","hentry","category-social-media","category-xmas","tag-joseph_von_naza","tag-weihnachten"],"_links":{"self":[{"href":"https:\/\/www.all-about-schmitz.de\/wordpress\/wp-json\/wp\/v2\/posts\/953","targetHints":{"allow":["GET"]}}],"collection":[{"href":"https:\/\/www.all-about-schmitz.de\/wordpress\/wp-json\/wp\/v2\/posts"}],"about":[{"href":"https:\/\/www.all-about-schmitz.de\/wordpress\/wp-json\/wp\/v2\/types\/post"}],"author":[{"embeddable":true,"href":"https:\/\/www.all-about-schmitz.de\/wordpress\/wp-json\/wp\/v2\/users\/1"}],"replies":[{"embeddable":true,"href":"https:\/\/www.all-about-schmitz.de\/wordpress\/wp-json\/wp\/v2\/comments?post=953"}],"version-history":[{"count":26,"href":"https:\/\/www.all-about-schmitz.de\/wordpress\/wp-json\/wp\/v2\/posts\/953\/revisions"}],"predecessor-version":[{"id":981,"href":"https:\/\/www.all-about-schmitz.de\/wordpress\/wp-json\/wp\/v2\/posts\/953\/revisions\/981"}],"wp:featuredmedia":[{"embeddable":true,"href":"https:\/\/www.all-about-schmitz.de\/wordpress\/wp-json\/wp\/v2\/media\/956"}],"wp:attachment":[{"href":"https:\/\/www.all-about-schmitz.de\/wordpress\/wp-json\/wp\/v2\/media?parent=953"}],"wp:term":[{"taxonomy":"category","embeddable":true,"href":"https:\/\/www.all-about-schmitz.de\/wordpress\/wp-json\/wp\/v2\/categories?post=953"},{"taxonomy":"post_tag","embeddable":true,"href":"https:\/\/www.all-about-schmitz.de\/wordpress\/wp-json\/wp\/v2\/tags?post=953"}],"curies":[{"name":"wp","href":"https:\/\/api.w.org\/{rel}","templated":true}]}}