{"id":983,"date":"2012-01-22T18:59:37","date_gmt":"2012-01-22T17:59:37","guid":{"rendered":"http:\/\/www.all-about-schmitz.de\/wordpress\/?p=983"},"modified":"2012-01-22T18:59:37","modified_gmt":"2012-01-22T17:59:37","slug":"ein-paar-gedanken-zu-schwarzundweiss","status":"publish","type":"post","link":"https:\/\/www.all-about-schmitz.de\/wordpress\/blog\/ein-paar-gedanken-zu-schwarzundweiss\/","title":{"rendered":"Ein paar Gedanken zu Schwarz und Wei\u00df"},"content":{"rendered":"<p><img loading=\"lazy\" decoding=\"async\" class=\"alignleft\" src=\"http:\/\/qrcode.kaywa.com\/img.php?s=6&amp;d=http%3A%2F%2Fwww.all-about-schmitz.de\" alt=\"qrcode\" width=\"186\" height=\"186\" \/>Ich mag es nicht, wenn Meinungen so verk\u00fcrzt formuliert sind, dass sie polarisieren und auf mich wirken als wolle der Absender nur provozieren. Ich frage mich immer wieder warum mich das so st\u00f6rt. Vielleicht weil der Lieblingssatz meiner Mutter fr\u00fcher war: &#8222;Kind jetzt sei doch vern\u00fcnftig&#8220;. Damit war gemeint, dass ich jetzt irgendwas sein lassen sollte, dass sie f\u00fcr nicht passend oder angemessen hielt.\u00a0Soll mich das wirklich so gepr\u00e4gt haben?<\/p>\n<p>Oder war es der Deutschunterricht im Gymnasium? Wo ich gelernt habe, dass die Bildzeitung &#8222;Meinungsmache&#8220; betreibt. In die falsche Richtung &#8211; der Lehrer war ein ganz und gar typischer Alt-Achtundsechziger, der uns zum &#8222;erst Nachdenken &#8211; dann Reden&#8220; erzogen hat?<\/p>\n<p>Kann schon sein. Kann auch sein, dass ich als eher introvertierter Geist sowieso die meiste Zeit mit abw\u00e4gen und argumentieren verbringe und mir so jede verk\u00fcrzte Meinungs\u00e4u\u00dferung grundlegend suspekt ist.<\/p>\n<p>Ich hab auch ein wenig gegr\u00fcbelt wie das genannt werden sollte \u00a0was mich so st\u00f6rt. Polemik fiel mir zur Polarisierung auch noch ein. Ein Wort, das urspr\u00fcnglich mal f\u00fcr Streitkultur stand, heute aber eher im Zusammenhang mit Bundestagsreden und Politik gebraucht wird. Auch ein guter Hinweis. Politikergequatsche mag ich auch genau deshalb meistens nicht. Ganz egal welche Farbe der Parteianstecker des Redners hat. Ich misstraue einfarbigen Meinungen einfach. Weil meine Welt ist nicht Schwarz-Wei\u00df, sie legt wert darauf durchdacht zu sein. Weder ist sie ganz gut noch ganz b\u00f6se. Weder ganz dumm noch nur klug. Sie ist ist nie ganz objektiv. Wer dies leugnet ist dumm.<\/p>\n<p>Diesen Post g\u00e4be es nicht ohne diesen <a title=\"Martins Blogpost\" href=\"http:\/\/martinreti.wordpress.com\/2012\/01\/21\/social-media-sei-nicht-erhaben\/\">Post von Martin<\/a>. Nur gegens\u00e4tzliche Meinungen bringen wirklich Diskussionen in Schwung, war der Anlass f\u00fcrs Nachdenken.Tja und dann bin ich mit meiner Weisheit am Ende. Ich k\u00e4mpfe halt mit den Schwarzwei\u00dfen um die Wahrnehmung der Graut\u00f6ne. Auch das ist eine Meinung. Und genau betrachtet ist sie ja auch gegens\u00e4tzlich. Aber nicht schwarz und nicht wei\u00df. Sondern richtig. So!<\/p>\n<p>&nbsp;<\/p>\n","protected":false},"excerpt":{"rendered":"<p>Ich mag es nicht, wenn Meinungen so verk\u00fcrzt formuliert sind, dass sie polarisieren und auf mich wirken als wolle der Absender nur provozieren. Ich frage mich immer wieder warum mich das so st\u00f6rt. Vielleicht weil der Lieblingssatz meiner Mutter fr\u00fcher war: &#8222;Kind jetzt sei doch vern\u00fcnftig&#8220;. Damit war gemeint, dass ich jetzt irgendwas sein lassen &hellip; <\/p>\n<p class=\"read-more\"><a class=\"readmore-btn\" href=\"https:\/\/www.all-about-schmitz.de\/wordpress\/blog\/ein-paar-gedanken-zu-schwarzundweiss\/\"><span>Read Article<\/span><span class=\"screen-reader-text\">  Read More<\/span><\/a><\/p>\n","protected":false},"author":2,"featured_media":0,"comment_status":"open","ping_status":"open","sticky":false,"template":"","format":"standard","meta":{"_seopress_robots_primary_cat":"","_seopress_titles_title":"","_seopress_titles_desc":"","_seopress_robots_index":"","footnotes":""},"categories":[87,7,79],"tags":[],"class_list":["post-983","post","type-post","status-publish","format-standard","hentry","category-aufreg","category-social-media","category-typisch-ich"],"_links":{"self":[{"href":"https:\/\/www.all-about-schmitz.de\/wordpress\/wp-json\/wp\/v2\/posts\/983","targetHints":{"allow":["GET"]}}],"collection":[{"href":"https:\/\/www.all-about-schmitz.de\/wordpress\/wp-json\/wp\/v2\/posts"}],"about":[{"href":"https:\/\/www.all-about-schmitz.de\/wordpress\/wp-json\/wp\/v2\/types\/post"}],"author":[{"embeddable":true,"href":"https:\/\/www.all-about-schmitz.de\/wordpress\/wp-json\/wp\/v2\/users\/2"}],"replies":[{"embeddable":true,"href":"https:\/\/www.all-about-schmitz.de\/wordpress\/wp-json\/wp\/v2\/comments?post=983"}],"version-history":[{"count":4,"href":"https:\/\/www.all-about-schmitz.de\/wordpress\/wp-json\/wp\/v2\/posts\/983\/revisions"}],"predecessor-version":[{"id":987,"href":"https:\/\/www.all-about-schmitz.de\/wordpress\/wp-json\/wp\/v2\/posts\/983\/revisions\/987"}],"wp:attachment":[{"href":"https:\/\/www.all-about-schmitz.de\/wordpress\/wp-json\/wp\/v2\/media?parent=983"}],"wp:term":[{"taxonomy":"category","embeddable":true,"href":"https:\/\/www.all-about-schmitz.de\/wordpress\/wp-json\/wp\/v2\/categories?post=983"},{"taxonomy":"post_tag","embeddable":true,"href":"https:\/\/www.all-about-schmitz.de\/wordpress\/wp-json\/wp\/v2\/tags?post=983"}],"curies":[{"name":"wp","href":"https:\/\/api.w.org\/{rel}","templated":true}]}}